{"id":16262,"date":"2023-02-25T21:06:56","date_gmt":"2023-02-25T21:06:56","guid":{"rendered":"https:\/\/vanhoimoi.org\/?p=16262"},"modified":"2023-02-25T21:07:44","modified_gmt":"2023-02-25T21:07:44","slug":"hoi-luan-25-02-2023-chuyen-cong-du-cua-tt-biden-tai-kiev-warsaw-y-nghia-nt-blinken-vuong-nghi-gap-nhau-moi-quan-he-my-hoa-them-cang-thang-giai-phap-nao-cho-ukraine","status":"publish","type":"post","link":"https:\/\/vanhoimoi.org\/?p=16262","title":{"rendered":"<strong>H\u1ed8I LU\u1eacN 25\/02\/2023. Chuy\u1ebfn c\u00f4ng du c\u1ee7a TT Biden t\u1ea1i Kiev &#038; Warsaw: \u00dd ngh\u0129a? NT Blinken &#038; V\u01b0\u01a1ng Ngh\u1ecb g\u1eb7p nhau: M\u1ed1i quan h\u1ec7 M\u1ef9-Hoa th\u00eam c\u0103ng th\u1eb3ng! Gi\u1ea3i ph\u00e1p n\u00e0o cho Ukraine?<\/strong><br><span style='color:#00a0ff;font-size:.9em;font-weight:500;'>BS Nguy\u1ec5n Tr\u1ecdng Vi\u1ec7t<\/span>"},"content":{"rendered":"\n<h2 class=\"has-text-align-center has-background wp-block-heading\" style=\"background:linear-gradient(91deg,rgb(241,210,124) 0%,rgb(206,241,32) 100%);font-size:32px\">V\u1ea4N \u0110\u1ec0 C\u1ea6N QUAN T\u00c2M<\/h2>\n\n\n\n<h3 class=\"wp-block-heading\">BS Nguy\u1ec5n Tr\u1ecdng Vi\u1ec7t<\/h3>\n\n\n\n<p class=\"wp-block-paragraph\"><strong>1\/ Chuy\u1ebfn c\u00f4ng du Kiev c\u1ee7a TT Biden v\u00e0 bu\u1ed5i h\u1ecdp th\u01b0\u1ee3ng \u0111\u1ec9nh t\u1ea1i Ba Lan <\/strong><\/p>\n\n\n\n<ul class=\"wp-block-list\">\n<li><strong>T\u01b0\u1eddng tr\u00ecnh.<\/strong><\/li>\n\n\n\n<li><strong>\u00dd ngh\u0129a:<\/strong>\n<ul class=\"wp-block-list\">\n<li><strong>Kh\u1eb3ng \u0111\u1ecbnh s\u1ef1 \u1ee7ng h\u1ed9 Ukraine<\/strong><\/li>\n\n\n\n<li><strong>X\u00e1c \u0111\u1ecbnh vai tr\u00f2 ch\u1ee7 \u0111\u1ea1o c\u1ee7a M\u1ef9 trong cu\u1ed9c \u0111\u1ed1i \u0111\u1ea7u v\u1edbi Nga<\/strong><\/li>\n<\/ul>\n<\/li>\n\n\n\n<li><strong>H\u00e0m \u00fd \u0111\u1eebng ng\u1ea3 theo TC \u0111\u1ec3 t\u00ecm gi\u1ea3i ph\u00e1p th\u1ecfa hi\u1ec7p v\u1edbi Nga<\/strong><\/li>\n<\/ul>\n\n\n\n<p class=\"wp-block-paragraph\"><strong>2\/ Cu\u1ed9c g\u1eb7p g\u1ee1 c\u1ee7a NT Blinken v\u00e0 V\u01b0\u01a1ng Ngh\u1ecb nh\u00e2n H\u1ed9i Ngh\u1ecb An Ninh Munich <\/strong><\/p>\n\n\n\n<ul class=\"wp-block-list\">\n<li><strong>\u0110\u00e1nh gi\u00e1<\/strong>\n<ul class=\"wp-block-list\">\n<li><strong>T\u1eeb ph\u00eda TC: Ch\u00ednh s\u00e1ch h\u00f2a d\u1ecbu v\u1edbi M\u1ef9 th\u1ea5t b\u1ea1i?<\/strong><\/li>\n\n\n\n<li><strong>T\u1eeb ph\u00eda M\u1ef9: C\u1ea3nh c\u00e1o TC ti\u1ebfp tay cho Nga trong cu\u1ed9c chi\u1ebfn t\u1ea1i Ukraine.<\/strong><\/li>\n<\/ul>\n<\/li>\n<\/ul>\n\n\n\n<p class=\"wp-block-paragraph\"><strong>3\/ Ukraine: M\u1ed9t n\u0103m Nga x\u00e2m l\u0103ng Ukraine. Gi\u1ea3i ph\u00e1p? <\/strong><\/p>\n\n\n\n<ul class=\"wp-block-list\">\n<li><strong>TT Zelensky: Ki\u00ean quy\u1ebft v\u1edbi gi\u1ea3i ph\u00e1p h\u00f2a b\u00ecnh 10 \u0111i\u1ec3m<\/strong><\/li>\n\n\n\n<li><strong>TT Macron: Nga ph\u1ea3i thua, nh\u01b0ng kh\u00f4ng b\u1ecb &#8220;nghi\u1ec1n n\u00e1t&#8221;. \u1ee6ng h\u1ed9 gi\u1ea3i ph\u00e1p c\u1ee7a TT Zelensky. Gi\u1ea3i th\u00edch?<\/strong><\/li>\n\n\n\n<li><strong>NATO, Anh, M\u1ef9: \u1ee6ng h\u1ed9 quan \u0111i\u1ec3m c\u1ee7a Ukraine<\/strong>\n<ul class=\"wp-block-list\">\n<li><strong>M\u1ef9 l\u1ea7n \u0111\u1ea7u c\u00e1o bu\u1ed9c Nga ph\u1ea1m t\u1ed9i \u00e1c ch\u1ed1ng nh\u00e2n lo\u1ea1i<\/strong><\/li>\n<\/ul>\n<\/li>\n\n\n\n<li><strong>TC: Mu\u1ed1n \u0111\u01b0a ra gi\u1ea3i ph\u00e1p ch\u00ednh tr\u1ecb.<\/strong>\n<ul class=\"wp-block-list\">\n<li><strong>T\u1ea7n C\u01b0\u01a1ng c\u00f4ng b\u1ed1 trong h\u1ed9i ngh\u1ecb an ninh h\u00f4m 21\/2 t\u1ea1i B\u1eafc Kinh.<\/strong><\/li>\n\n\n\n<li><strong>V\u01b0\u01a1ng Ngh\u1ecb \u0111i Nga<\/strong><\/li>\n<\/ul>\n<\/li>\n\n\n\n<li><strong>Putin: \u0110\u00ecnh ch\u1ec9 Hi\u1ec7p \u01af\u1edbc New START<\/strong>\n<ul class=\"wp-block-list\">\n<li><strong>\u00dd ngh\u0129a?<\/strong><\/li>\n<\/ul>\n<\/li>\n\n\n\n<li><strong>\u00c1p l\u1ef1c? Gi\u1edf l\u1ea1i \u0111\u00f2n c\u0169: d\u00f9ng nguy\u00ean t\u1eed \u0111\u1ec3 d\u1ecda?<\/strong><\/li>\n<\/ul>\n\n\n\n<figure class=\"wp-block-embed is-type-video is-provider-youtube wp-block-embed-youtube wp-embed-aspect-16-9 wp-has-aspect-ratio\"><div class=\"wp-block-embed__wrapper\">\n<iframe loading=\"lazy\" title=\"V\u1ea4N \u0110\u1ec0 C\u1ea6N QUAN T\u00c2M 25Feb23|Biden th\u0103m Kiev, Warsaw; Nga \u0111\u00ecnh ch\u1ec9 Hi\u1ec7p \u01af\u1edbc START; TC mu\u1ed1n c\u00f3 ph\u1ea7n?\" width=\"1080\" height=\"608\" src=\"https:\/\/www.youtube.com\/embed\/WxX9busL95Y?feature=oembed\" frameborder=\"0\" allow=\"accelerometer; autoplay; clipboard-write; encrypted-media; gyroscope; picture-in-picture; web-share\" allowfullscreen><\/iframe>\n<\/div><\/figure>\n\n\n\n<hr class=\"wp-block-separator has-alpha-channel-opacity\"\/>\n","protected":false},"excerpt":{"rendered":"<p>V\u1ea4N \u0110\u1ec0 C\u1ea6N QUAN T\u00c2M BS Nguy\u1ec5n Tr\u1ecdng Vi\u1ec7t 1\/ Chuy\u1ebfn c\u00f4ng du Kiev c\u1ee7a TT Biden v\u00e0 bu\u1ed5i h\u1ecdp th\u01b0\u1ee3ng \u0111\u1ec9nh t\u1ea1i Ba Lan 2\/ Cu\u1ed9c g\u1eb7p g\u1ee1 c\u1ee7a NT Blinken v\u00e0 V\u01b0\u01a1ng Ngh\u1ecb nh\u00e2n H\u1ed9i Ngh\u1ecb An Ninh Munich 3\/ Ukraine: M\u1ed9t n\u0103m Nga x\u00e2m l\u0103ng Ukraine. Gi\u1ea3i<span class=\"more-link\"><a href=\"https:\/\/vanhoimoi.org\/?p=16262\">\u0111\u1ecdc ti\u1ebfp&#8230;<\/a><\/span><\/p>\n","protected":false},"author":2,"featured_media":13489,"comment_status":"closed","ping_status":"closed","sticky":false,"template":"","format":"standard","meta":{"_coblocks_attr":"","_coblocks_dimensions":"","_coblocks_responsive_height":"","_coblocks_accordion_ie_support":"","footnotes":""},"categories":[69,7,8,12,9,72],"tags":[165,118,212,119,284,98,289],"class_list":["entry","author-ntviet","post-16262","post","type-post","status-publish","format-standard","has-post-thumbnail","category-audio-video","category-binhluan","category-chinhtri-xahoi","category-chuyenmuc","category-kinhte","category-video","tag-binh-luan","tag-chinh-tri","tag-chuyen-de","tag-hoa-ky","tag-nga","tag-trung-cong","tag-ukraine"],"_links":{"self":[{"href":"https:\/\/vanhoimoi.org\/index.php?rest_route=\/wp\/v2\/posts\/16262","targetHints":{"allow":["GET"]}}],"collection":[{"href":"https:\/\/vanhoimoi.org\/index.php?rest_route=\/wp\/v2\/posts"}],"about":[{"href":"https:\/\/vanhoimoi.org\/index.php?rest_route=\/wp\/v2\/types\/post"}],"author":[{"embeddable":true,"href":"https:\/\/vanhoimoi.org\/index.php?rest_route=\/wp\/v2\/users\/2"}],"replies":[{"embeddable":true,"href":"https:\/\/vanhoimoi.org\/index.php?rest_route=%2Fwp%2Fv2%2Fcomments&post=16262"}],"version-history":[{"count":0,"href":"https:\/\/vanhoimoi.org\/index.php?rest_route=\/wp\/v2\/posts\/16262\/revisions"}],"wp:featuredmedia":[{"embeddable":true,"href":"https:\/\/vanhoimoi.org\/index.php?rest_route=\/wp\/v2\/media\/13489"}],"wp:attachment":[{"href":"https:\/\/vanhoimoi.org\/index.php?rest_route=%2Fwp%2Fv2%2Fmedia&parent=16262"}],"wp:term":[{"taxonomy":"category","embeddable":true,"href":"https:\/\/vanhoimoi.org\/index.php?rest_route=%2Fwp%2Fv2%2Fcategories&post=16262"},{"taxonomy":"post_tag","embeddable":true,"href":"https:\/\/vanhoimoi.org\/index.php?rest_route=%2Fwp%2Fv2%2Ftags&post=16262"}],"curies":[{"name":"wp","href":"https:\/\/api.w.org\/{rel}","templated":true}]}}