{"id":18573,"date":"2023-10-05T09:00:32","date_gmt":"2023-10-05T09:00:32","guid":{"rendered":"https:\/\/vanhoimoi.org\/?p=18573"},"modified":"2023-10-05T09:00:34","modified_gmt":"2023-10-05T09:00:34","slug":"dien-bien-moi-trong-hai-dang-dan-chu-cong-hoa","status":"publish","type":"post","link":"https:\/\/vanhoimoi.org\/?p=18573","title":{"rendered":"<strong>Di\u1ec5n Bi\u1ebfn M\u1edbi Trong Hai \u0110\u1ea3ng D\u00e2n Ch\u1ee7 &#038; C\u1ed9ng H\u00f2a<\/strong><br><span style='color:#00a0ff;font-size:.9em;font-weight:500;'>-Tr\u1ea7n Phong V\u0169<\/span>"},"content":{"rendered":"\n<p class=\"has-medium-font-size wp-block-paragraph\"><strong>*Ch\u00e1u c\u1ee7ac\u1ed1 TT Kennedy c\u1ea3n m\u1ee7i Joe Biden<\/strong><br><strong>*\u0110\u1ea3ng Con Voi sau cu\u1ed9c tranh lu\u1eadn l\u1ea7n hai<\/strong><\/p>\n\n\n\n<p class=\"wp-block-paragraph\"><em><strong>Tr\u1ea7n Phong V\u0169<\/strong><\/em><\/p>\n\n\n\n<p class=\"wp-block-paragraph\">T\u1edd New York Times \u0111\u01b0a tin h\u00f4m th\u1ee9 B\u1ea3y 30-9 r\u1eb1ng, Robert F Kennedy Jr. \u0111\u00e3 g\u1eb7p Ch\u1ee7 t\u1ecbch \u0110\u1ea3ng T\u1ef1 do (Libertarian Party) Angela McArdle v\u00e0o th\u00e1ng 7 t\u1ea1i Memphis, Tennessee. McArdle cho hay: <em>\u201c\u00d4ng \u1ea5y nh\u1ea5n m\u1ea1nh r\u1eb1ng \u00f4ng \u1ea5y cam k\u1ebft tranh c\u1eed v\u1edbi t\u01b0 c\u00e1ch l\u00e0 m\u1ed9t \u0111\u1ea3ng vi\u00ean \u0111\u1ea3ng D\u00e2n Ch\u1ee7 nh\u01b0ng n\u00f3i r\u1eb1ng \u00f4ng \u1ea5y t\u1ef1 coi m\u00ecnh l\u00e0 ng\u01b0\u1eddi ng\u1ea3 theo ch\u1ee7 ngh\u0129a t\u1ef1 do. Ch\u00fang t\u00f4i th\u1ed1ng nh\u1ea5t v\u1ec1 nhi\u1ec1u v\u1ea5n \u0111\u1ec1. Quan \u0111i\u1ec3m c\u1ee7a t\u00f4i l\u00e0 ch\u00fang t\u00f4i s\u1ebd gi\u1eef li\u00ean l\u1ea1c trong tr\u01b0\u1eddng h\u1ee3p anh \u1ea5y quy\u1ebft \u0111\u1ecbnh tranh c\u1eed. V\u00e0 anh \u1ea5y c\u00f3 th\u1ec3 li\u00ean h\u1ec7 v\u1edbi t\u00f4i b\u1ea5t c\u1ee9 l\u00fac n\u00e0o n\u1ebfu tr\u01b0\u1eddng h\u1ee3p \u0111\u00f3 x\u1ea3y ra\u201d.<\/em>\u00a0<\/p>\n\n\n\n<p class=\"wp-block-paragraph\">Tuy nhi\u00ean, nh\u1eefng tin t\u1ee9c m\u1edbi nh\u1ea5t trong v\u00e0i ng\u00e0y qua cho bi\u1ebft, \u00f4ng Kenndy s\u1ebd t\u1eeb b\u1ecf n\u1ed7 l\u1ef1c th\u00e1ch th\u1ee9c T\u1ed5ng th\u1ed1ng Joe Biden \u0111\u1ec3 tranh c\u1eed t\u1ed5ng th\u1ed1ng c\u1ee7a \u0111\u1ea3ng D\u00e2n Ch\u1ee7 n\u0103m 2024. Thay v\u00e0o \u0111\u00f3 \u00f4ng quy\u1ebft \u0111\u1ecbnh tranh c\u1eed v\u1edbi t\u01b0 c\u00e1ch \u1ee9ng c\u1eed vi\u00ean \u0111\u1ed9c l\u1eadp.\u00a0<\/p>\n\n\n\n<p class=\"wp-block-paragraph\">\u0110\u01b0\u1ee3c bi\u1ebft n\u0103m nay 69 tu\u1ed5i, ch\u00e1u g\u1ecdi TT Kennedy b\u1eb1ng b\u00e1c, \u00f4ng Robert F. Kennedy Jr, ng\u01b0\u1eddi \u0111\u00e3 tuy\u00ean b\u1ed1 c\u00e1ch \u0111\u00e2y m\u1ea5y th\u00e1ng s\u1ebd \u1ee9ng c\u1eed nh\u01b0ng \u0111\u00e3 g\u1eb7p kh\u00f3 kh\u0103n \u0111\u1ec3 gi\u00e0nh \u0111\u01b0\u1ee3c s\u1ef1 \u1ee7ng h\u1ed9 c\u1ee7a \u1ee6y Ban Qu\u1ed1c Gia \u0110\u1ea3ng D\u00e2n Ch\u1ee7 (DNC).\u00a0<\/p>\n\n\n\n<p class=\"wp-block-paragraph\"><em>\u201cM\u1ed9t ng\u01b0\u1eddi trong chi\u1ebfn d\u1ecbch tranh c\u1eed c\u1ee7a Kennedy n\u00f3i v\u1edbi b\u00e1o Mediaite: \u201cBobby c\u1ea3m th\u1ea5y r\u1eb1ng DNC \u0111ang thay \u0111\u1ed5i c\u00e1c quy t\u1eafc \u0111\u1ec3 lo\u1ea1i tr\u1eeb kh\u1ea3 n\u0103ng \u1ee9ng c\u1eed c\u1ee7a anh \u1ea5y, v\u00ec v\u1eady m\u1ed9t cu\u1ed9c tranh c\u1eed \u0111\u1ed9c l\u1eadp l\u00e0 con \u0111\u01b0\u1eddng duy nh\u1ea5t \u0111\u1ec3 ti\u1ebfn t\u1edbi\u201d.Theo m\u1ed9t v\u0103n b\u1ea3n \u0111\u01b0\u1ee3c Mediaite xem x\u00e9t, chi\u1ebfn d\u1ecbch tranh c\u1eed c\u1ee7a Kennedy hi\u1ec7n \u0111ang l\u00ean k\u1ebf ho\u1ea1ch tung ra c\u00e1c qu\u1ea3ng c\u00e1o ch\u1ed1ng l\u1ea1i DNC \u0111\u1ec3 m\u1edf \u0111\u01b0\u1eddng cho th\u00f4ng b\u00e1o c\u1ee7a \u00f4ng \u1edf Philadelphia v\u1ec1 vi\u1ec7c tranh c\u1eed v\u1edbi t\u01b0 c\u00e1ch \u0111\u1ed9c l\u1eadp.<\/em><\/p>\n\n\n\n<p class=\"wp-block-paragraph\">(\u2018Bobby feels that the DNC is changing the rules to exclude his candidacy, so an independent run is the only way to go\u2019, a Kennedy campaign insider told Mediaite.According to a text reviewed by Mediaite, Kennedy&#8217;s campaign is now planning attack ads\u00a0against the DNC to pave the way\u00a0for his announcement in Philadelphia about running as an independent).<\/p>\n\n\n<div class=\"wp-block-image\">\n<figure class=\"alignleft size-full\"><img loading=\"lazy\" decoding=\"async\" width=\"300\" height=\"185\" src=\"https:\/\/vanhoimoi.org\/wp-content\/uploads\/2023\/09\/RobertKennedy.jpg\" alt=\"\" class=\"wp-image-18417\"\/><figcaption class=\"wp-element-caption\">Th\u01b0\u1ee3ng ngh\u1ecb s\u0129 Robert F. Kennedy Jr.<\/figcaption><\/figure>\n<\/div>\n\n\n<p class=\"wp-block-paragraph\">Th\u00f4ng b\u00e1o v\u1ec1 quy\u1ebft \u0111\u1ecbnh n\u00e0y c\u1ee7a Kennedy s\u1ebd \u0111\u01b0\u1ee3c \u0111\u01b0a ra t\u1ea1i Philadelphia h\u00f4m 9-10.<\/p>\n\n\n\n<p class=\"wp-block-paragraph\"><em>\u201cKennedy gi\u1ea3i th\u00edch trong m\u1ed9t l\u1ea7n xu\u1ea5t hi\u1ec7n tr\u00ean Newsmax \u0111\u1ea7u th\u00e1ng 9: <\/em><\/p>\n\n\n\n<p class=\"wp-block-paragraph\"><em>T\u00f4i ngh\u0129 ng\u01b0\u1eddi M\u1ef9 n\u00ean c\u00f3 s\u1ef1 l\u1ef1a ch\u1ecdn. Ph\u1ea3i c\u00f3 m\u1ed9t cu\u1ed9c tranh lu\u1eadn. Ph\u1ea3i c\u00f3 ch\u00ednh tr\u1ecb b\u00e1n l\u1ebb. <strong>Ch\u00fang ta kh\u00f4ng n\u00ean c\u00f3 m\u1ed9t \u1ee9ng c\u1eed vi\u00ean ng\u1ed3i d\u01b0\u1edbi t\u1ea7ng h\u1ea7m v\u00e0 ng\u01b0\u1eddi duy nh\u1ea5t m\u00e0 \u00f4ng ta n\u00f3i chuy\u1ec7n l\u00e0 c\u00e1c nh\u00e0 t\u00e0i tr\u1ee3.<\/strong><\/em><\/p>\n\n\n\n<p class=\"wp-block-paragraph\"><em>\u00d4ng ti\u1ebfp t\u1ee5c, \u201cN\u1ebfu kh\u00f4ng ph\u1ea3i l\u00e0 m\u1ed9t cu\u1ed9c tranh lu\u1eadn th\u00ec \u00edt nh\u1ea5t c\u0169ng c\u00f3 m\u1ed9t s\u1ed1 cu\u1ed9c tr\u00f2 chuy\u1ec7n v\u1edbi c\u1eed tri M\u1ef9 m\u00e0 kh\u00f4ng c\u00f3 b\u00e0i b\u1ea3n so\u1ea1n tr\u01b0\u1edbc\u201d.Kennedy n\u00f3i r\u1eb1ng l\u00fd do ch\u00ednh khi\u1ebfn \u00f4ng mu\u1ed1n tranh lu\u1eadn l\u00e0 \u0111\u1ec3 bu\u1ed9c Biden ph\u1ea3i ch\u1ecbu tr\u00e1ch nhi\u1ec7m v\u1ec1 nh\u1eefng ph\u00e1t ng\u00f4n c\u1ee7a \u00f4ng \u1ea5y v\u1ec1 n\u1ec1n kinh t\u1ebf, <strong>n\u1ec1n kinh t\u1ebf m\u00e0 \u00f4ng ta ca ng\u1ee3i l\u00e0 \u0111\u00e3 ph\u1ee5c h\u1ed3i nhanh ch\u00f3ng k\u1ec3 t\u1eeb \u0111\u1ea1i d\u1ecbch COVID-19.<\/strong><\/em><strong><em>\u00a0<\/em><\/strong><\/p>\n\n\n\n<p class=\"wp-block-paragraph\">(Kennedy\u00a0explained in an appearance on Newsmax earlier this\u00a0month.\u2018I think Americans ought to have a choice. There ought to be a debate. There ought to be retail politics <strong>We shouldn&#8217;t have a candidate who&#8217;s sitting in the basement, and the only people he&#8217;s talking to are donors.<\/strong><\/p>\n\n\n\n<p class=\"wp-block-paragraph\">&#8220;If not a debate\u201d, he continued, \u201cthen at least some unscripted conversations with American voters\u201d.<br>Kennedy said that the primary reason for wanting the debates is to hold Biden accountable for his rhetoric on the economy, <strong>which he has touted as making a meteoric recovery since the COVID-19 pandemic.)<\/strong>\u00a0<\/p>\n\n\n\n<p class=\"wp-block-paragraph\">C\u00f9ng l\u00fac, b\u1ea3n tin ng\u1eafn c\u1ee7a Reclaiming Americ.net c\u1ea3nh b\u00e1o:<\/p>\n\n\n\n<p class=\"wp-block-paragraph\"><em>\u201cC\u01a1n \u00e1c m\u1ed9ng ch\u00ednh tr\u1ecb t\u1ed3i t\u1ec7 nh\u1ea5t c\u1ee7a Joe Biden, gi\u1edd \u0111\u00e2y \u0111\u00e3 tr\u1edf th\u00e0nh hi\u1ec7n th\u1ef1c v\u00e0 g\u1ea7n nh\u01b0 ch\u1eafc ch\u1eafn \u00f4ng ta s\u1ebd ph\u1ea3i tr\u1ea3 gi\u00e1 b\u1eb1ng cu\u1ed9c b\u1ea7u c\u1eed t\u1ed5ng th\u1ed1ng v\u00e0o n\u0103m 2024 n\u1ebfu \u00f4ng ta l\u00e0 \u1ee9ng c\u1eed vi\u00ean c\u1ee7a \u0111\u1ea3ng D\u00e2n ch\u1ee7.<\/em><\/p>\n\n\n\n<p class=\"wp-block-paragraph\"><em>Robert F. Kennedy Jr., ng\u01b0\u1eddi t\u1eebng hy v\u1ecdng th\u00e1ch th\u1ee9c T\u1ed5ng th\u1ed1ng Joe Biden \u0111\u1ec3 tranh c\u1eed t\u1ed5ng th\u1ed1ng c\u1ee7a \u0111\u1ea3ng D\u00e2n Ch\u1ee7, \u0111ang ch\u1ea5m d\u1ee9t n\u1ed7 l\u1ef1c \u0111\u00f3 v\u00e0 ph\u00e1t \u0111\u1ed9ng chi\u1ebfn d\u1ecbch tranh c\u1eed t\u1ed5ng th\u1ed1ng c\u1ee7a b\u00ean th\u1ee9 ba. M\u1ed9t th\u00e1ch th\u1ee9c c\u1ee7a b\u00ean th\u1ee9 ba ch\u1eafc ch\u1eafn s\u1ebd h\u00fat \u0111\u1ee7 s\u1ed1 phi\u1ebfu kh\u1ecfi Biden m\u00e0 Biden s\u1ebd thua \u1ee9ng c\u1eed vi\u00ean \u0111\u1ea3ng C\u1ed9ng H\u00f2a, g\u1ea7n nh\u01b0 ch\u1eafc ch\u1eafn l\u00e0 Donald Trump.<\/em><\/p>\n\n\n\n<p class=\"wp-block-paragraph\">(Joe Biden\u2019s worst political nightmare is now a reality, and it is almost certain to cost him the presidential election in 2024 if he is the Democrat Party nominee.<\/p>\n\n\n\n<p class=\"wp-block-paragraph\">Robert F. Kennedy Jr., who had hoped to challenge President Joe Biden for the Democratic presidential nomination, is ending that bid and launching a third-party campaign for the presidency. A third-party challenge is all but certain to siphon enough votes away from Biden that Biden will lose to the GOP nominee, almost certainly Donald Trump).<em>\u00a0<\/em><\/p>\n\n\n\n<p class=\"wp-block-paragraph\">Nh\u00ecn ri\u00eang v\u1ec1 kh\u00eda c\u1ea1nh kinh t\u1ebf, theo quan \u0111i\u1ec3m c\u1ee7a b\u1ea3n tin Federalist Wire.\u00a0<\/p>\n\n\n\n<p class=\"wp-block-paragraph\">Joe Biden \u0111ang ph\u1ea3i \u0111\u1ed1i m\u1eb7t v\u1edbi ph\u1ea3n \u1ee9ng d\u1eef d\u1ed9i t\u1eeb kh\u1eafp n\u01b0\u1edbc M\u1ef9 trong nhi\u1ec1u n\u0103m.C\u00e1c ch\u00ednh s\u00e1ch ph\u00e1 ho\u1ea1i c\u1ee7a \u00f4ng ta cu\u1ed1i c\u00f9ng \u0111\u00e3 b\u1eaft \u0111\u1ea7u g\u00e2y h\u1eadu qu\u1ea3.<\/p>\n\n\n\n<p class=\"wp-block-paragraph\">V\u00e0 b\u00e2y gi\u1edd \u0111\u1ea3ng D\u00e2n Ch\u1ee7 \u0111\u00e3 \u0111\u01b0a ra cho Joe Biden m\u1ed9t t\u1ed1i h\u1eadu th\u01b0 l\u1ea1nh l\u00f9ng. \u0110\u1ea3ng \u0111\u00e3 n\u00f3i r\u00f5 r\u1eb1ng c\u00e1c quan \u0111i\u1ec3m v\u00e0 chi\u1ebfn l\u01b0\u1ee3c tranh c\u1eed c\u1ee7a Joe Biden s\u1ebd kh\u00f4ng c\u1eaft gi\u1ea3m \u0111\u01b0\u1ee3c nh\u1eefng tai h\u1ea1i c\u1ee7a n\u00f3.<\/p>\n\n\n\n<p class=\"wp-block-paragraph\">Theo Federalist Wire:<br><em>\u201cC\u00e1c \u0111\u1ed3ng minh c\u1ee7a \u0111\u1ea3ng D\u00e2n Ch\u1ee7 \u0111\u1ed1i v\u1edbi Joe Biden \u0111ang khuy\u1ebfn kh\u00edch anh ta r\u1eddi kh\u1ecfi quan \u0111i\u1ec3m n\u00f3i chuy\u1ec7n \u2018Bidenomics\u2019 c\u1ee7a m\u00ecnh, v\u00ec n\u00f3 \u0111\u00e3 ch\u1ee9ng minh r\u1eb1ng n\u00f3 kh\u00f4ng thu \u0111\u01b0\u1ee3c b\u1ea5t k\u1ef3 s\u1ef1 \u1ee7ng h\u1ed9 n\u00e0o.<\/em><br><em>Thu\u1eadt ng\u1eef \u201cBidenomics\u201d \u0111\u01b0\u1ee3c \u0111\u1ea3ng D\u00e2n Ch\u1ee7 \u0111\u01b0a ra v\u1edbi hy v\u1ecdng r\u1eb1ng n\u00f3 s\u1ebd thu h\u00fat \u0111\u01b0\u1ee3c nhi\u1ec1u s\u1ef1 \u1ee7ng h\u1ed9 h\u01a1n cho cu\u1ed9c b\u1ea7u c\u1eed n\u0103m 2024. Tuy nhi\u00ean, c\u00f3 v\u1ebb nh\u01b0 n\u00f3 th\u1eadm ch\u00ed c\u00f2n l\u00e0m \u0111i\u1ec1u ng\u01b0\u1ee3c l\u1ea1i v\u00e0 Biden \u0111ang m\u1ea5t \u0111i s\u1ef1 \u1ee7ng h\u1ed9.<\/em><br><em>B\u00e2y gi\u1edd th\u00ec r\u00f5 r\u00e0ng: Ch\u01b0\u01a1ng tr\u00ecnh ngh\u1ecb s\u1ef1 kinh t\u1ebf c\u1ee7a T\u1ed5ng th\u1ed1ng Joe Biden, \u0111\u01b0\u1ee3c m\u1ec7nh danh l\u00e0 \u2018Bidenomics\u2019, \u0111\u00e3 kh\u00f4ng thu h\u00fat \u0111\u01b0\u1ee3c c\u1eed tri. Nhi\u1ec1u ch\u00ednh tr\u1ecb gia \u0111\u1ea3ng D\u00e2n Ch\u1ee7 \u1ee7ng h\u1ed9 Biden \u0111\u00e3 n\u00f3i r\u00f5 r\u1eb1ng vi\u1ec7c x\u00e2y d\u1ef1ng th\u01b0\u01a1ng hi\u1ec7u l\u00e0 \u0111i\u1ec1u khi\u1ebfn h\u1ecd lo ng\u1ea1i.<\/em><\/p>\n\n\n<div class=\"wp-block-image\">\n<figure class=\"alignleft size-full\"><img loading=\"lazy\" decoding=\"async\" width=\"300\" height=\"186\" src=\"https:\/\/vanhoimoi.org\/wp-content\/uploads\/2023\/10\/JoeBiden-3.jpg\" alt=\"\" class=\"wp-image-18574\"\/><figcaption class=\"wp-element-caption\">TT Joe Biden (photo: Federalist Wire)<\/figcaption><\/figure>\n<\/div>\n\n\n<p class=\"wp-block-paragraph\"><strong><em>Ng\u01b0\u1eddi M\u1ef9 trung b\u00ecnh \u0111ang ph\u1ea3i v\u1eadt l\u1ed9n \u0111\u1ec3 ki\u1ebfm s\u1ed1ng v\u00e0 chi tr\u1ea3 cho nh\u1eefng th\u1ee9 \u0111\u01a1n gi\u1ea3n. M\u1ed9t ph\u1ee5 t\u00e1 c\u1ee7a \u0111\u1ea3ng D\u00e2n Ch\u1ee7 n\u00f3i r\u1eb1ng \u201c\u0110\u00f3 l\u00e0 b\u00ed m\u1eadt \u0111\u01b0\u1ee3c gi\u1eef k\u00edn nh\u1ea5t r\u1eb1ng \u0111\u1ea3ng D\u00e2n Ch\u1ee7 kh\u00f4ng h\u00e0o h\u1ee9ng v\u1edbi Joe Biden.<\/em><\/strong><em> <\/em><strong><em>N\u1ed7 l\u1ef1c c\u1ee7a nh\u00f3m To\u00e0 B\u1ea1ch \u1ed0c nh\u1eb1m \u0111\u00f3ng g\u00f3i l\u1ea1i c\u00e1c ch\u00ednh s\u00e1ch v\u00e0 chi\u1ebfn th\u1eafng ph\u1ed5 bi\u1ebfn c\u1ee7a \u0111\u1ea3ng D\u00e2n Ch\u1ee7 d\u01b0\u1edbi d\u1ea1ng &#8216;Bidenomics&#8217; s\u1ebd kh\u00f4ng gi\u00fap \u00edch g\u00ec cho v\u1ecb th\u1ebf Biden trong c\u00e1c cu\u1ed9c th\u0103m d\u00f2. M\u1ecdi ng\u01b0\u1eddi \u0111ang th\u1ea5t v\u1ecdng v\u1edbi n\u1ec1n kinh t\u1ebf hi\u1ec7n t\u1ea1i v\u00e0 cho r\u1eb1ng &#8216;Bidenomics&#8217; \u0111ang ho\u1ea1t \u0111\u1ed9ng l\u00e0 m\u1ed9t chi\u1ebfn l\u01b0\u1ee3c l\u1ea1c h\u1eadu v\u00e0 t\u1ed3i t\u1ec7<\/em><\/strong><em>\u201d.<\/em><\/p>\n\n\n\n<p class=\"wp-block-paragraph\"><em>M\u1ed9t vi\u00ean ch\u1ee9c n\u1ed5i ti\u1ebfng c\u1ee7a \u0111\u1ea3ng D\u00e2n Ch\u1ee7, ch\u1ee7 t\u1ecbch Congressional Black Caucus, \u00f4ng Steven Horsford, c\u0169ng c\u00f3 nh\u1eefng \u0111i\u1ec1u ti\u00eau c\u1ef1c \u0111\u1ec3 n\u00f3i v\u1ec1 \u201cBidenomics\u201d.<\/em><br><em>\u00d4ng n\u00f3i, \u201cV\u1edbi t\u1ea5t c\u1ea3 s\u1ef1 t\u00f4n tr\u1ecdng \u0111\u1ed1i v\u1edbi t\u1ed5ng th\u1ed1ng, \u0111\u1ed1i v\u1edbi To\u00e0 B\u1ea1ch \u1ed0c, \u0111i\u1ec1u n\u00e0y kh\u00f4ng li\u00ean quan nhi\u1ec1u \u0111\u1ebfn h\u1ecd m\u00e0 ch\u00ednh nh\u1eefng ng\u01b0\u1eddi \u0111\u01b0\u1ee3c h\u01b0\u1edfng l\u1ee3i t\u1eeb c\u00e1c ch\u00ednh s\u00e1ch m\u00e0 h\u1ecd \u0111\u01b0a ra y\u00eau c\u1ea7u. Ch\u00fang ta ph\u1ea3i l\u00e0m t\u1ed1t h\u01a1n vi\u1ec7c x\u00e2y d\u1ef1ng khu\u00f4n kh\u1ed5 n\u00e0y kh\u00f4ng ch\u1ec9 cho m\u1ed9t ng\u01b0\u1eddi &#8211; cho v\u0103n ph\u00f2ng t\u1ed5ng th\u1ed1ng &#8211; m\u00e0 cho ng\u01b0\u1eddi d\u00e2n\u201d.<\/em><\/p>\n\n\n\n<p class=\"wp-block-paragraph\">(Democrat allies to Joe Biden are encouraging him to move away from his \u2018Bidenomics\u2019 talking point, as it has proven that it does not garner any support.The term \u201cBidenomics\u201d was brought out by Democrats hoping that it would lead to more support for the 2024 election run. However, it seems to have even done the opposite and Biden is losing support.<\/p>\n\n\n\n<p class=\"wp-block-paragraph\">Now it is clear: President Joe Biden\u2019s economic agenda, dubbed \u201cBidenomics\u201d, has failed to move the needle with voters. Multiple Democrat politicians who support Biden have made it clear that the branding is one that causes them to be concerned.<\/p>\n\n\n\n<p class=\"wp-block-paragraph\"><strong>The average American is struggling to barely get by and pay for simple things. One Democrat aide stated that \u201cIt\u2019s the worst-kept secret that Democrats are not excited about Joe Biden. The White House team\u2019s attempt to repackage popular Democratic wins and policies as \u2018Bidenomics\u2019 is not going to help Biden\u2019s standing in the polls<\/strong>. <strong>People are frustrated with the economy right now, and claiming \u2018Bidenomics\u2019 is working is both out of touch and bad strategy\u201d.<\/strong><\/p>\n\n\n\n<p class=\"wp-block-paragraph\">Another prominent Democrat, Congressional Black Caucus Chairman Steven Horsford, also had negative things to say about \u201cBidenomics\u201d.He said, \u201cWith all due respect to the president, to the White House, this is not so much about them as it is the people who are benefiting by the policies that they came out and demanded. We have to do a better job framing this not so much for one person \u2014 for the office of the presidency \u2014 but for the people.)\u00a0<\/p>\n\n\n\n<p class=\"wp-block-paragraph\">The Federalist Wire c\u0169ng \u0111\u01b0a tin:<br>V\u1ec1 ph\u1ea7n c\u1ef1u TT Donald Trump, \u00f4ng s\u1eb5n s\u00e0ng \u0111\u1ed1i \u0111\u1ea7u v\u1edbi Biden m\u1ed9t l\u1ea7n n\u1eefa sau tr\u1eadn \u0111\u1ea5u n\u0103m 2020. Nh\u01b0ng \u0111\u00f3 c\u0169ng l\u00e0 \u0111i\u1ec1u cu\u1ed1i c\u00f9ng TT \u0111\u01b0\u01a1ng nhi\u1ec7m Joe Biden mong mu\u1ed1n.V\u00e0 c\u1ef1u TT Trump \u0111\u00e3 tung ra m\u1ed9t k\u1ebf ho\u1ea1ch m\u1edbi khi\u1ebfn Joe Biden s\u1ee3 ch\u1ebft khi\u1ebfp.<\/p>\n\n\n<div class=\"wp-block-image\">\n<figure class=\"alignright size-full\"><img loading=\"lazy\" decoding=\"async\" width=\"300\" height=\"169\" src=\"https:\/\/vanhoimoi.org\/wp-content\/uploads\/2023\/07\/PresidentTrump.jpg\" alt=\"\" class=\"wp-image-17525\"\/><figcaption class=\"wp-element-caption\">T\u1ed5ng th\u1ed1ng Donald J. Trump<\/figcaption><\/figure>\n<\/div>\n\n\n<p class=\"wp-block-paragraph\">\u0110\u01b0\u1ee3c bi\u1ebft \u00f4ng Trump \u0111\u00e3 kh\u00f4ng c\u00f3 m\u1eb7t t\u1ea1i b\u1ea5t k\u1ef3 cu\u1ed9c tranh lu\u1eadn n\u00e0o trong s\u1ed1 hai cu\u1ed9c tranh lu\u1eadn s\u01a1 b\u1ed9 c\u1ee7a \u0111\u1ea3ng C\u1ed9ng H\u00f2a.<\/p>\n\n\n\n<p class=\"wp-block-paragraph\">\u00d4ng c\u0169ng cho hay, ch\u1eafc ch\u1eafn s\u1ebd kh\u00f4ng tham gia b\u1ea5t c\u1ee9 cu\u1ed9c tranh lu\u1eadn n\u00e0o trong t\u01b0\u01a1ng lai.Nh\u01b0ng \u0111i\u1ec1u \u0111\u00f3 kh\u00f4ng ng\u0103n c\u1ea3n \u00f4ng cam k\u1ebft s\u1ebd tham d\u1ef1 cu\u1ed9c tranh lu\u1eadn qu\u1ed1c gia gi\u1eefa \u00f4ng v\u00e0 \u0111\u01b0\u01a1ng kim TT Joe Biden.<\/p>\n\n\n\n<p class=\"wp-block-paragraph\">Chris LaCivita, c\u1ed1 v\u1ea5n cao c\u1ea5p c\u1ee7a \u00f4ng Trump, tuy\u00ean b\u1ed1 sau cu\u1ed9c tranh lu\u1eadn th\u1ee9 hai c\u1ee7a \u0111\u1ea3ng C\u1ed9ng H\u00f2a r\u1eb1ng Donald Trump th\u1ef1c s\u1ef1 s\u1ebd tranh lu\u1eadn v\u1edbi Joe Biden.<\/p>\n\n\n\n<p class=\"wp-block-paragraph\"><em>\u201c\u0110\u1eebng lo l\u1eafng @JoeBiden\u2026 \u00f4ng s\u1ebd c\u00f3 c\u01a1 h\u1ed9i Tranh lu\u1eadn@realDonaldTrump\u2026 \u0110\u1ebfm ng\u01b0\u1ee3c t\u1eebng ng\u00e0y\u201d, LaCivita n\u00f3i trong m\u1ed9t b\u00e0i \u0111\u0103ng tr\u00ean X.<\/em><br><em>Chris LaCivita c\u0169ng \u0111\u00e3 y\u00eau c\u1ea7u \u1ee6y ban Qu\u1ed1c gia \u0111\u1ea3ng C\u1ed9ng H\u00f2a kh\u00f4ng t\u1ed5 ch\u1ee9c b\u1ea5t c\u1ee9 cu\u1ed9c tranh lu\u1eadn n\u00e0o trong t\u01b0\u01a1ng lai gi\u1eefa c\u00e1c \u1ee9ng c\u1eed vi\u00ean s\u01a1 b\u1ed9, v\u00ec c\u1ea3m th\u1ea5y r\u1eb1ng Trump g\u1ea7n nh\u01b0 \u0111\u00e3 \u0111\u1ea3m b\u1ea3o \u0111\u01b0\u1ee3c \u0111\u1ec1 c\u1eed.<\/em><\/p>\n\n\n\n<p class=\"wp-block-paragraph\">(\u2018Don\u2019t worry @JoeBiden\u2026 you will get your chance to Debate@realDonaldTrump &#8230; counting down the days\u201d, LaCivita said in a post on X.Chris LaCivita has also asked the Republican National Committee to not hold any future debates among primary candidates, feeling that Trump has pretty much secured the nomination).<\/p>\n\n\n\n<p class=\"wp-block-paragraph\">\u0110i\u1ec1u c\u00e2n l\u01b0u \u00fd l\u00e0 m\u1eb7c d\u00f9 cho \u0111\u1ebfn nay, c\u1ef1u T\u1ed5ng th\u1ed1ng Donald Trump ch\u01b0a tham gia b\u1ea5t k\u1ef3 cu\u1ed9c tranh lu\u1eadn n\u00e0o nh\u01b0ng s\u1ed1 phi\u1ebfu b\u1ea7u c\u1ee7a \u00f4ng v\u1eabn ti\u1ebfp t\u1ee5c gia t\u0103ng.\u00a0<\/p>\n\n\n\n<p class=\"wp-block-paragraph\">\u00d4ng Trump tin r\u1eb1ng \u00f4ng ch\u1eb3ng thu \u0111\u01b0\u1ee3c g\u00ec khi tham gia, v\u00ec t\u1ea5t c\u1ea3 c\u00e1c \u1ee9ng c\u1eed vi\u00ean hi\u1ec7n t\u1ea1i s\u1ebd d\u00e0nh ph\u1ea7n l\u1edbn th\u1eddi gian \u0111\u1ec3 t\u1ea5n c\u00f4ng \u00f4ng theo lu\u1eadn \u0111i\u1ec7u r\u1ebb ti\u1ec1n c\u1ee7a \u0111\u1ea3ng Con L\u1eeba.<br>Th\u1ed1ng \u0111\u1ed1c Florida Ron DeSantis \u0111\u00e3 l\u00e0m \u0111\u01b0\u1ee3c \u0111i\u1ec1u \u0111\u00f3 trong cu\u1ed9c tranh lu\u1eadn th\u1ee9 hai l\u00e0 th\u00e1ch th\u1ee9c \u00f4ng Trump b\u1ea3o v\u1ec7 c\u00e1c ch\u00ednh s\u00e1ch c\u1ee7a m\u00ecnh trong nhi\u1ec7m k\u1ef3 T\u1ed5ng th\u1ed1ng \u0111\u1ea7u ti\u00ean. DeSantis c\u0169ng m\u1eddi Donald Trump tranh lu\u1eadn tr\u1ef1c ti\u1ebfp v\u1edbi \u00f4ng.\u00a0Trump c\u00f3 th\u1ec3 s\u1ebd t\u1eeb ch\u1ed1i l\u1eddi \u0111\u1ec1 ngh\u1ecb n\u00e0y.<\/p>\n\n\n\n<p class=\"wp-block-paragraph\">B\u1ea3n tin Federalist Wire cho r\u1eb1ng, n\u1ebfu Joe Biden quy\u1ebft \u0111\u1ecbnh tranh lu\u1eadn v\u1edbi c\u1ef1u T\u1ed5ng th\u1ed1ng, kh\u00e1n th\u00ednh gi\u1ea3 mong \u0111\u1ee3i \u0111\u01b0\u1ee3c coi m\u1ed9t m\u00e0n tr\u00ecnh di\u1ec5n s\u00f4i n\u1ed5i t\u1eeb ph\u00eda \u00f4ng Trump.<br>Trong khi \u1ea5y, b\u1ea3n tin NBC cho hay, h\u1ed3i \u0111\u1ea7u th\u00e1ng 9, b\u00e0 Hillary Clinton \u0111\u00e3 t\u1edbi To\u00e0 B\u1ea1ch \u1ed0c g\u1eb7p g\u1ee1 tr\u1ef1c ti\u1ebfp \u00f4ng Biden \u0111\u1ec3 c\u1ea3nh b\u00e1o v\u1ec1 nguy c\u01a1 \u00f4ng ta c\u00f3 th\u1ec3 b\u1ecb m\u1ea5t phi\u1ebfu khi c\u00f3 nh\u1eefng \u1ee9ng c\u1eed vi\u00ean kh\u00e1c trong \u0111\u1ea3ng. B\u1ea3n tin c\u0169ng nh\u1eafc t\u1edbi k\u1ebft qu\u1ea3 m\u1ed9t cu\u1ed9c th\u0103m d\u00f2 m\u1edbi nh\u1ea5t cho th\u1ea5y \u00f4ng Trump \u0111ang d\u1eabn tr\u01b0\u1edbc \u00f4ng Biden t\u1edbi 10 %, sau m\u1ed9t th\u1eddi gian d\u00e0i c\u1ea3 hai b\u00ean c\u00f3 t\u1ef7 l\u1ec7 x\u1ea5p x\u1ec9 ngang nhau.\u00a0<\/p>\n\n\n\n<p class=\"wp-block-paragraph\"><em><strong>Tr\u1ea7n Phong V\u0169<\/strong><\/em><br><em>Mi\u1ec1n Nam California, nh\u1eefng ng\u00e0y \u0111\u1ea7u th\u00e1ng 10-2023<\/em><\/p>\n","protected":false},"excerpt":{"rendered":"<p>*Ch\u00e1u c\u1ee7ac\u1ed1 TT Kennedy c\u1ea3n m\u1ee7i Joe Biden*\u0110\u1ea3ng Con Voi sau cu\u1ed9c tranh lu\u1eadn l\u1ea7n hai Tr\u1ea7n Phong V\u0169 T\u1edd New York Times \u0111\u01b0a tin h\u00f4m th\u1ee9 B\u1ea3y 30-9 r\u1eb1ng, Robert F Kennedy Jr. \u0111\u00e3 g\u1eb7p Ch\u1ee7 t\u1ecbch \u0110\u1ea3ng T\u1ef1 do (Libertarian Party) Angela McArdle v\u00e0o th\u00e1ng 7 t\u1ea1i Memphis,<span class=\"more-link\"><a href=\"https:\/\/vanhoimoi.org\/?p=18573\">\u0111\u1ecdc ti\u1ebfp&#8230;<\/a><\/span><\/p>\n","protected":false},"author":3,"featured_media":17525,"comment_status":"closed","ping_status":"closed","sticky":false,"template":"","format":"standard","meta":{"_coblocks_attr":"","_coblocks_dimensions":"","_coblocks_responsive_height":"","_coblocks_accordion_ie_support":"","footnotes":""},"categories":[7,8,12,57,53],"tags":[165,118,212,119,226],"class_list":["entry","author-nduong","post-18573","post","type-post","status-publish","format-standard","has-post-thumbnail","category-binhluan","category-chinhtri-xahoi","category-chuyenmuc","category-giaoduc-vanhoc-lichsu","category-kinhte-chinhtri","tag-binh-luan","tag-chinh-tri","tag-chuyen-de","tag-hoa-ky","tag-xa-hoi"],"_links":{"self":[{"href":"https:\/\/vanhoimoi.org\/index.php?rest_route=\/wp\/v2\/posts\/18573","targetHints":{"allow":["GET"]}}],"collection":[{"href":"https:\/\/vanhoimoi.org\/index.php?rest_route=\/wp\/v2\/posts"}],"about":[{"href":"https:\/\/vanhoimoi.org\/index.php?rest_route=\/wp\/v2\/types\/post"}],"author":[{"embeddable":true,"href":"https:\/\/vanhoimoi.org\/index.php?rest_route=\/wp\/v2\/users\/3"}],"replies":[{"embeddable":true,"href":"https:\/\/vanhoimoi.org\/index.php?rest_route=%2Fwp%2Fv2%2Fcomments&post=18573"}],"version-history":[{"count":0,"href":"https:\/\/vanhoimoi.org\/index.php?rest_route=\/wp\/v2\/posts\/18573\/revisions"}],"wp:featuredmedia":[{"embeddable":true,"href":"https:\/\/vanhoimoi.org\/index.php?rest_route=\/wp\/v2\/media\/17525"}],"wp:attachment":[{"href":"https:\/\/vanhoimoi.org\/index.php?rest_route=%2Fwp%2Fv2%2Fmedia&parent=18573"}],"wp:term":[{"taxonomy":"category","embeddable":true,"href":"https:\/\/vanhoimoi.org\/index.php?rest_route=%2Fwp%2Fv2%2Fcategories&post=18573"},{"taxonomy":"post_tag","embeddable":true,"href":"https:\/\/vanhoimoi.org\/index.php?rest_route=%2Fwp%2Fv2%2Ftags&post=18573"}],"curies":[{"name":"wp","href":"https:\/\/api.w.org\/{rel}","templated":true}]}}