{"id":18644,"date":"2023-10-11T17:38:53","date_gmt":"2023-10-11T17:38:53","guid":{"rendered":"https:\/\/vanhoimoi.org\/?p=18644"},"modified":"2023-10-11T17:40:41","modified_gmt":"2023-10-11T17:40:41","slug":"biden-nhan-sai-lam-khi-pha-tuong-bien-gioida-co-nhung-chia-re-nghiem-trong-trong-noi-bo-dang-con-lua","status":"publish","type":"post","link":"https:\/\/vanhoimoi.org\/?p=18644","title":{"rendered":"<strong>Biden Nh\u1eadn Sai L\u1ea7m Khi Ph\u00e1 T\u01b0\u1eddng Bi\u00ean Gi\u1edbi<br>*\u0110\u00e3 c\u00f3 nh\u1eefng chia r\u1ebd tr\u1ea7m tr\u1ecdng trong n\u1ed9i b\u1ed9 \u0111\u1ea3ng Con L\u1eeba<\/strong><br><span style='color:#00a0ff;font-size:.9em;font-weight:500;'>-Tr\u1ea7n Phong V\u0169<\/span>"},"content":{"rendered":"\n<p class=\"wp-block-paragraph\"><strong>Tr\u1ea7n Phong V\u0169<\/strong>\u00a0<\/p>\n\n\n\n<p class=\"wp-block-paragraph\">Ngay sau khi chi\u1ebfm \u0111\u01b0\u1ee3c T\u00f2a B\u1ea1ch \u1ed0c, vi\u1ec7c \u0111\u1ea7u ti\u00ean c\u1ee7a Joe Biden l\u00e0 k\u00fd h\u00e0ng lo\u1ea1t Ngh\u1ecb \u0111\u1ecbnh x\u00f3a b\u1ecf nh\u1eefng c\u00f4ng tr\u00ecnh \u00edch qu\u1ed1c l\u1ee3i d\u00e2n c\u1ee7a c\u1ef1u TT Donald Trump, trong \u0111\u00f3 c\u00f3 b\u1ee9c t\u01b0\u1eddng bi\u00ean gi\u1edbi khi\u1ebfn h\u00e0ng tri\u1ec7u ng\u01b0\u1eddi d\u00e2n M\u1ef9 cho\u00e1ng v\u00e1ng. V\u00ec th\u1ebf ch\u00ednh s\u00e1ch nh\u1eadp c\u01b0 c\u1ee7a Joe Biden trong ng\u00f3t ba n\u0103m qua \u0111\u00e3 v\u1ea5p ph\u1ea3i s\u1ef1 ch\u1ec9 tr\u00edch d\u1eef d\u1ed9i. \u00a0<\/p>\n\n\n\n<p class=\"wp-block-paragraph\">V\u00e0 \u0111\u00f3 c\u0169ng l\u00e0 l\u00fd do khi\u1ebfn tin b\u1ee9c t\u01b0\u1eddng bi\u00ean gi\u1edbi \u0111\u01b0\u1ee3c ti\u1ebfp t\u1ee5c x\u00e2y d\u1ef1ng l\u1ea1i l\u00fac n\u00e0y tr\u1edf n\u00ean \u0111\u00e1ng ng\u1ea1c nhi\u00ean! N\u00f3 ch\u1ee9ng t\u1ecf con ng\u01b0\u1eddi \u0111\u1ed9c t\u00e0i Biden \u0111\u00e3 ph\u1ea3i nh\u00ecn nh\u1eadn m\u00ecnh sai l\u1ea7m!\u00a0<\/p>\n\n\n\n<p class=\"wp-block-paragraph\">Kh\u00f4ng l\u00e2u sau khi Biden ra l\u1ec7nh ph\u00e1 b\u1ecf c\u00f4ng tr\u00ecnh n\u00e0y th\u00ec ch\u1ec9 trong m\u1ed9t th\u1eddi gian ng\u1eafn, h\u00e0ng tri\u1ec7u ng\u01b0\u1eddi di d\u00e2n b\u1ea5t h\u1ee3p ph\u00e1p, trong s\u1ed1 kh\u00f4ng thi\u1ebfu nh\u1eefng th\u00e0nh ph\u1ea7n b\u1ea5t h\u1ea3o, c\u00f3 ti\u1ec1n \u00e1n s\u00e1t nh\u00e2n, bu\u00f4n b\u00e1n ma t\u00fay, tr\u00e0n v\u00e0o l\u00e3nh th\u1ed5 Hoa K\u1ef3. Theo \u01b0\u1edbc t\u00ednh c\u1ee7a gi\u1edbi th\u1ea1o tin, th\u00ec t\u00ednh \u0111\u1ebfn nh\u1eefng ng\u00e0y g\u1ea7n \u0111\u00e2y, s\u1ed1 di d\u00e2n b\u1ea5t h\u1ee3p ph\u00e1p x\u00e2m nh\u1eadp v\u00e0o l\u00e3nh th\u1ed5 Hoa K\u1ef3 qua bi\u00ean gi\u1edbi m\u1edf ph\u00eda nam \u0111\u00e3 l\u00ean t\u1edbi nhi\u1ec1u tri\u1ec7u ng\u01b0\u1eddi.\u00a0<\/p>\n\n\n<div class=\"wp-block-image\">\n<figure class=\"alignleft size-full is-resized\"><img loading=\"lazy\" decoding=\"async\" src=\"https:\/\/vanhoimoi.org\/wp-content\/uploads\/2023\/10\/TheWall_DCDaily.jpg\" alt=\"\" class=\"wp-image-18645\" style=\"width:385px;height:162px\" width=\"385\" height=\"162\"\/><figcaption class=\"wp-element-caption\">t\u01b0\u1eddng r\u00e0o ph\u00eda nam Texas <br>(photo: DC Daily Journal)<\/figcaption><\/figure>\n<\/div>\n\n\n<p class=\"wp-block-paragraph\">Theo tin c\u1ee7a DC Daily Journal h\u00f4m Th\u1ee9 T\u01b0 4-10-2023, vi\u1ec7c t\u00e1i x\u00e2y d\u1ef1ng b\u1ee9c t\u01b0\u1eddng bi\u00ean gi\u1edbi \u1edf nam Texas \u0111\u00e3 \u0111\u01b0\u1ee3c n\u1ed1i l\u1ea1i l\u1ea7n \u0111\u1ea7u ti\u00ean d\u01b0\u1edbi th\u1eddi ch\u00ednh quy\u1ec1n Biden k\u1ec3 t\u1eeb khi T\u1ed5ng th\u1ed1ng Trump r\u1eddi nhi\u1ec7m s\u1edf.<\/p>\n\n\n\n<p class=\"wp-block-paragraph\">B\u1ed9 tr\u01b0\u1edfng B\u1ed9 An ninh N\u1ed9i \u0111\u1ecba Alejandro Mayorkas \u0111\u00e3 b\u00e3i b\u1ecf 26 lu\u1eadt li\u00ean bang.\u00a0Trong m\u1ed9t th\u00f4ng b\u00e1o, \u00f4ng Mayorkas tuy\u00ean b\u1ed1 r\u1eb1ng:\u00a0<\/p>\n\n\n\n<p class=\"wp-block-paragraph\"><em>\u201cHi\u1ec7n t\u1ea1i c\u00f3 nhu c\u1ea7u c\u1ea5p thi\u1ebft v\u00e0 ngay l\u1eadp t\u1ee9c \u0111\u1ec3 x\u00e2y d\u1ef1ng c\u00e1c r\u00e0o c\u1ea3n v\u1eadt l\u00fd v\u00e0 \u0111\u01b0\u1eddng s\u00e1 \u1edf khu v\u1ef1c l\u00e2n c\u1eadn bi\u00ean gi\u1edbi Hoa K\u1ef3 nh\u1eb1m ng\u0103n ch\u1eb7n nh\u1eefng ng\u01b0\u1eddi nh\u1eadp c\u1ea3nh b\u1ea5t h\u1ee3p ph\u00e1p v\u00e0o Hoa K\u1ef3 trong c\u00e1c khu v\u1ef1c d\u1ef1 \u00e1n.\u00a0<\/em><br><em>Theo b\u00e1o c\u00e1o, Qu\u1eadn Starr \u1edf Texas l\u00e0 khu v\u1ef1c c\u00f3 nguy c\u01a1 cao v\u1ec1 vi\u1ec7c v\u01b0\u1ee3t bi\u00ean tr\u00e1i ph\u00e9p, do \u0111\u00f3 d\u1ef1 \u00e1n x\u00e2y d\u1ef1ng m\u1edbi n\u00e0y s\u1ebd t\u0103ng th\u00eam 20 d\u1eb7m v\u00e0o b\u1ee9c t\u01b0\u1eddng bi\u00ean gi\u1edbi hi\u1ec7n t\u1ea1i \u1edf \u0111\u00f3. Trong t\u00e0i kho\u00e1 2023, h\u01a1n 245.000 ng\u01b0\u1eddi nh\u1eadp c\u01b0 b\u1ea5t h\u1ee3p ph\u00e1p \u0111\u00e3 v\u00e0o Hoa K\u1ef3, qua Thung l\u0169ng Rio Grande thu\u1ed9c v\u00f9ng Ki\u1ec3m Tra Bi\u00ean Gi\u1edbi c\u1ee7a qu\u1eadn Starr\u201d.\u00a0<\/em><\/p>\n\n\n\n<p class=\"wp-block-paragraph\">(There is presently an acute and immediate need to construct physical barriers and roads in the vicinity of the U.S. border in order to prevent unlawful entries into the United States in the project areas.\u00a0<\/p>\n\n\n\n<p class=\"wp-block-paragraph\">According to reports, Starr County in Texas is a high-risk zone for illegal border crossings, thus this new construction project will add 20 miles to the existing border wall there. Over 245,000 illegal immigrants entered the United States through the county\u2019s Rio Grande Valley division of the Border Patrol in fiscal year 2023.)\u00a0<\/p>\n\n\n\n<p class=\"wp-block-paragraph\">B\u1ed9 An Ninh N\u1ed9i \u0110\u1ecba (DHS) \u0111\u00e3 lo\u1ea1i b\u1ecf 26 lu\u1eadt li\u00ean quan \u0111\u1ec3 ti\u1ebfp t\u1ee5c x\u00e2y d\u1ef1ng b\u1ee9c t\u01b0\u1eddng, trong \u0111\u00f3 bao g\u1ed3m \u0110\u1ea1o lu\u1eadt Kh\u00f4ng kh\u00ed S\u1ea1ch, \u0110\u1ea1o lu\u1eadt N\u01b0\u1edbc u\u1ed1ng An to\u00e0n v\u00e0 \u0110\u1ea1o lu\u1eadt v\u1ec1 c\u00e1c lo\u00e0i c\u00f3 nguy c\u01a1 tuy\u1ec7t ch\u1ee7ng. Theo th\u00f4ng b\u00e1o, ngu\u1ed3n t\u00e0i tr\u1ee3 cho d\u1ef1 \u00e1n s\u1ebd \u0111\u1ebfn t\u1eeb g\u00f3i ph\u00e2n b\u1ed5 c\u1ee7a Qu\u1ed1c H\u1ed9i t\u1eeb n\u0103m t\u00e0i ch\u00ednh 2019 d\u01b0\u1edbi th\u1eddi TT Donald Trump.\u00a0<\/p>\n\n\n\n<p class=\"wp-block-paragraph\">Qua s\u1ef1 ki\u1ec7n n\u00e0y, d\u01b0 lu\u1eadn trong qu\u1ea7n ch\u00fang M\u1ef9 cho r\u1eb1ng, quan \u0111i\u1ec3m c\u1ee7a T\u1ed5ng th\u1ed1ng Joe Biden v\u1ec1 v\u1ea5n \u0111\u1ec1 n\u00e0y r\u00f5 r\u00e0ng \u0111\u00e3 ph\u1ea3i thay \u0111\u1ed5i. \u00a0<\/p>\n\n\n\n<p class=\"wp-block-paragraph\">D\u01b0 lu\u1eadn ch\u01b0a qu\u00ean <br><em>\u201cSau khi tuy\u00ean b\u1ed1 ch\u1ea5m d\u1ee9t t\u00ecnh tr\u1ea1ng kh\u1ea9n c\u1ea5p qu\u1ed1c gia do cu\u1ed9c kh\u1ee7ng ho\u1ea3ng bi\u00ean gi\u1edbi g\u00e2y ra v\u00e0o th\u00e1ng 1 n\u0103m 2021, Joe Biden tuy\u00ean b\u1ed1: \u2018X\u00e2y d\u1ef1ng m\u1ed9t b\u1ee9c t\u01b0\u1eddng kh\u1ed5ng l\u1ed3 k\u00e9o d\u00e0i to\u00e0n b\u1ed9 bi\u00ean gi\u1edbi ph\u00eda Nam kh\u00f4ng ph\u1ea3i l\u00e0 m\u1ed9t gi\u1ea3i ph\u00e1p ch\u00ednh s\u00e1ch nghi\u00eam t\u00fac\u2019. <\/em><\/p>\n\n\n\n<p class=\"wp-block-paragraph\"><em>Trong chi\u1ebfn d\u1ecbch tranh c\u1eed n\u0103m 2020 ch\u1ed1ng l\u1ea1i TT Trump, Biden tuy\u00ean b\u1ed1 r\u1eb1ng \u2018<\/em><strong><em>S\u1ebd kh\u00f4ng c\u00f3 th\u00eam m\u1ed9t gang t\u1ea5c t\u01b0\u1eddng n\u00e0o \u0111\u01b0\u1ee3c x\u00e2y d\u1ef1ng trong ch\u00ednh quy\u1ec1n c\u1ee7a t\u00f4i\u2019.<\/em><\/strong><em>Vi\u1ec7c th\u1ef1c hi\u1ec7n theo k\u1ebf ho\u1ea1ch n\u00e0y tr\u00f9ng h\u1ee3p v\u1edbi s\u1ef1 gia t\u0103ng \u0111\u00e1ng k\u1ec3 s\u1ed1 l\u01b0\u1ee3ng ng\u01b0\u1eddi b\u1ecb c\u00e1c nh\u00e2n vi\u00ean Bi\u00ean Ph\u00f2ng b\u1eaft gi\u1eef v\u00ec nh\u1eadp c\u1ea3nh tr\u00e1i ph\u00e9p v\u00e0o n\u01b0\u1edbc n\u00e0y ch\u1ec9 trong th\u00e1ng Ch\u00edn. V\u00e0o n\u0103m 2023, s\u1ed1 v\u1ee5 b\u1eaft gi\u1eef \u1edf bi\u00ean gi\u1edbi n\u00e0y \u0111\u1ea1t m\u1ee9c cao m\u1edbi\u201d.\u00a0<\/em><\/p>\n\n\n\n<p class=\"wp-block-paragraph\">(After declaring an end to the national emergency caused by the border crisis in January 2021, Joe Biden stated, \u2018Building a massive wall that spans the entire southern border is not a serious policy solution.\u2019In his 2020 campaign against Trump, Biden vowed that <strong>\u2018there will not be another foot of wall constructed in my administration.\u2019<\/strong><\/p>\n\n\n\n<p class=\"wp-block-paragraph\">This planned implementation coincides with a dramatic increase in the number of people apprehended by Border Patrol officers for illegally entering the country in September alone. In 2023, this number of border arrests represents a new high).<\/p>\n\n\n<div class=\"wp-block-image\">\n<figure class=\"alignleft size-full\"><img loading=\"lazy\" decoding=\"async\" width=\"300\" height=\"159\" src=\"https:\/\/vanhoimoi.org\/wp-content\/uploads\/2023\/10\/AlejandroMayorkas.jpg\" alt=\"\" class=\"wp-image-18646\"\/><figcaption class=\"wp-element-caption\">b\u1ed9 tr\u01b0\u1edfng An Ninh N\u1ed9i \u0110\u1ecba-<br>Alejandro Mayorkas <br>(photo: Google search)<\/figcaption><\/figure>\n<\/div>\n\n\n<p class=\"wp-block-paragraph\">C\u00f9ng l\u00fac \u1ea5y \u0111\u00e3 n\u1ea3y sinh t\u00ecnh tr\u1ea1ng chia r\u1ebd tr\u1ea7m trong trong n\u1ed9i b\u1ed9 \u0111\u1ea3ng D\u00e2n Ch\u1ee7. C\u00f3 nhi\u1ec1u \u0111\u1ea3ng vi\u00ean c\u1ea5p cao trong \u0111\u1ea3ng \u0111\u00e3 l\u00ean ti\u1ebfng kh\u00f4ng \u0111\u1ed3ng t\u00ecnh v\u1edbi k\u1ebf ho\u1ea1ch x\u00e2y th\u00eam t\u01b0\u1eddng bi\u00ean gi\u1edbi c\u1ee7a ch\u00ednh quy\u1ec1n \u0111\u01b0\u01a1ng nhi\u1ec7m Joe Biden.\u00a0<\/p>\n\n\n\n<p class=\"wp-block-paragraph\">D\u01b0 lu\u1eadn trong \u0111\u1ea3ng Con L\u1eeba cho r\u1eb1ng,<br><em>\u201c\u2019B\u1ee9c t\u01b0\u1eddng bi\u00ean gi\u1edbi l\u00e0 gi\u1ea3i ph\u00e1p c\u1ee7a th\u1ebf k\u1ef7 14 cho m\u1ed9t v\u1ea5n \u0111\u1ec1 c\u1ee7a th\u1ebf k\u1ef7 21. N\u00f3 s\u1ebd kh\u00f4ng t\u0103ng c\u01b0\u1eddng an ninh bi\u00ean gi\u1edbi \u1edf Qu\u1eadn Starr,\u2019 D\u00e2n bi\u1ec3u \u0110\u1ea3ng D\u00e2n ch\u1ee7 Texas Henry Cuellar n\u00f3i v\u1edbi nhi\u1ec1u c\u01a1 quan truy\u1ec1n th\u00f4ng. \u2018T\u00f4i ti\u1ebfp t\u1ee5c ph\u1ea3n \u0111\u1ed1i vi\u1ec7c chi ti\u00eau l\u00e3ng ph\u00ed ti\u1ec1n thu\u1ebf c\u1ee7a ng\u01b0\u1eddi d\u00e2n cho b\u1ee9c t\u01b0\u1eddng bi\u00ean gi\u1edbi kh\u00f4ng hi\u1ec7u qu\u1ea3.<\/em><\/p>\n\n\n\n<p class=\"wp-block-paragraph\">(\u2018A border wall is a 14th century solution to a 21st century problem. It will not bolster border security in Starr County,\u2019 Democrat House Rep. of Texas Henry Cuellar said to multiple outlets. \u2018I continue to stand against the wasteful spending of taxpayer dollars on an ineffective border wall\u2019).<\/p>\n\n\n\n<p class=\"wp-block-paragraph\"><em>\u2018Gi\u1eefa th\u00e1ng Gi\u00eang n\u0103m 2017 \u0111\u1ebfn th\u00e1ng 12 n\u0103m 2020, \u00f4ng Trump \u0111\u00e3 y\u00eau c\u1ea7u ch\u00ednh ph\u1ee7 x\u00e2y d\u1ef1ng g\u1ea7n 450 d\u1eb7m b\u1ee9c t\u01b0\u1eddng d\u1ecdc bi\u00ean gi\u1edbi ph\u00eda nam. Ri\u00eang Th\u1ed1ng \u0111\u1ed1c Texas Greg Abbott \u0111\u00e3 ph\u1ea3i v\u00e0o cu\u1ed9c sau s\u1ef1 ra \u0111i c\u1ee7a Trump v\u00e0 t\u1ef1 t\u00e0i tr\u1ee3 cho vi\u1ec7c x\u00e2y d\u1ef1ng th\u00eam b\u1ee9c t\u01b0\u1eddng bi\u00ean gi\u1edbi.B\u1ed9 T\u01b0 Ph\u00e1p \u0111\u1ec7 \u0111\u01a1n ki\u1ec7n Texas v\u00e0o th\u00e1ng 8-2023 do ti\u1ec3u bang n\u00e0y t\u1ef1 \u0111\u1ed9ng th\u1ef1c hi\u1ec7n m\u1ed9t h\u00e0ng r\u00e0o n\u1ed5i d\u00e0i 1.000 feet \u1edf Rio Grande, theo l\u1ec7nh c\u1ee7a th\u1ed1ng \u0111\u1ed1c \u0111\u1ea3ng C\u1ed9ng H\u00f2a c\u1ee7a Texas v\u00e0o th\u00e1ng B\u1ea3y\u201d.<\/em><\/p>\n\n\n\n<p class=\"wp-block-paragraph\">(Between January 2017 and December 2020, Trump had the government construct nearly 450 miles of wall along the southern border. Texas Governor Greg Abbott (R) stepped in after Trump\u2019s departure and funded additional border wall construction.The Justice Department filed a lawsuit against Texas in August due to the state\u2019s deployment of a 1,000-foot long floating barrier in the Rio Grande, ordered by the state\u2019s Republican governor in July).\u00a0<\/p>\n\n\n\n<p class=\"wp-block-paragraph\">L\u00e0 ng\u01b0\u1eddi t\u1eeb r\u1ea5t l\u00e2u \u0111\u00e3 s\u1edbm nh\u1eadn ra nguy c\u01a1 c\u1ee7a m\u1ed9t \u201cbi\u00ean gi\u1edbi b\u1ecf ng\u1ecf, \u00f4ng Trump c\u00f3 th\u1ec3 \u0111ang theo d\u00f5i s\u1ef1 ki\u1ec7n \u0111\u1ea3ng Con L\u1eeba \u0111\u1ed9t nhi\u00ean t\u00e1i t\u1ee5c c\u00f4ng tr\u00ecnh c\u1ee7a \u00f4ng t\u1eeb b\u00ean l\u1ec1 v\u00e0 c\u1ed5 v\u0169 cho th\u00f4ng b\u00e1o n\u00e0y v\u00ec cu\u1ed1i c\u00f9ng th\u00ec \u0111\u00f3 l\u00e0 s\u1ef1 th\u1eeba nh\u1eadn r\u1eb1ng \u00f4ng \u1ea5y \u0111\u00e3 \u0111\u00fang t\u1eeb tr\u01b0\u1edbc \u0111\u1ebfn nay.C\u00f2n nh\u1edb khi \u00f4ng Trump tuy\u00ean b\u1ed1 r\u1eb1ng \u00f4ng c\u00f3 \u00fd \u0111\u1ecbnh x\u00e2y m\u1ed9t b\u1ee9c t\u01b0\u1eddng \u1edf bi\u00ean gi\u1edbi ph\u00eda nam n\u01b0\u1edbc M\u1ef9 khi \u00f4ng c\u00f2n tranh c\u1eed T\u1ed5ng th\u1ed1ng v\u00e0o n\u0103m 2016, th\u00e1i \u0111\u1ed9 d\u00e8 b\u1ec9u c\u1ee7a c\u00e1c \u0111\u1ea3ng vi\u00ean \u0111\u1ea3ng D\u00e2n Ch\u1ee7 v\u00e0 gi\u1edbi ch\u00ednh tr\u1ecb \u0111\u00e3 khi\u1ebfn \u00f4ng t\u1ee9c gi\u1eadn.<\/p>\n\n\n\n<p class=\"wp-block-paragraph\">H\u1ecd n\u00f3i \u0111\u00f3 l\u00e0 h\u00e0nh \u0111\u1ed9ng <em>&#8220;ph\u00e2n bi\u1ec7t ch\u1ee7ng t\u1ed9c&#8221;<\/em>. H\u1ecd n\u00f3i r\u1eb1ng \u0111\u00f3 l\u00e0 s\u1ef1 l\u00e3ng ph\u00ed ti\u1ec1n b\u1ea1c v\u00e0 h\u1ecd c\u00f2n h\u00f9a nhau n\u00f3i r\u1eb1ng \u00f4ng Trump s\u1ebd kh\u00f4ng bao gi\u1edd c\u00f3 th\u1ec3 nh\u1eadn \u0111\u01b0\u1ee3c s\u1ef1 h\u1ed7 tr\u1ee3 \u0111\u1ec3 ho\u00e0n th\u00e0nh b\u1ea5t k\u1ef3 c\u00f4ng vi\u1ec7c n\u00e0o.<\/p>\n\n\n\n<p class=\"wp-block-paragraph\"><em>\u201c\u00d4i t\u00ecnh th\u1ebf \u0111\u00e3 xoay chuy\u1ec3n nh\u01b0 th\u1ebf n\u00e0o. Gi\u1edd \u0111\u00e2y, ch\u00ednh quy\u1ec1n \u0111\u1ea3ng D\u00e2n Ch\u1ee7 Joe Biden \u0111ang chuy\u1ec3n sang \u00fd t\u01b0\u1edfng c\u1ee7a Donald Trump trong th\u1eddi \u0111i\u1ec3m h\u1ecd c\u1ea7n.<\/em><\/p>\n\n\n\n<p class=\"wp-block-paragraph\"><em>C\u1eed tri s\u1ebd kh\u00f4ng qu\u00ean \u0111i\u1ec1u n\u00e0y. <strong>M\u1ecdi ng\u01b0\u1eddi \u0111\u1ec1u bi\u1ebft ai th\u1ef1c s\u1ef1 l\u00e0 ng\u01b0\u1eddi \u0111\u1ee9ng sau \u00fd t\u01b0\u1edfng v\u1ec1 b\u1ee9c t\u01b0\u1eddng bi\u00ean gi\u1edbi ph\u00eda Nam khi\u1ebfn vi\u1ec7c nh\u1eadp c\u01b0 b\u1ea5t h\u1ee3p ph\u00e1p tr\u1edf n\u00ean kh\u00f3 kh\u0103n h\u01a1n nhi\u1ec1u so v\u1edbi hi\u1ec7n nay<\/strong><\/em><strong><em>\u201d.<\/em><\/strong><\/p>\n\n\n\n<p class=\"wp-block-paragraph\">(Oh how the tables have turned. Now the Democrat Joe Biden administration is turning to Donald Trump\u2019s idea in their time of need.Voters won\u2019t forget this though. <strong>Everyone knows who is truly the person behind the idea for a southern border wall that makes illegal immigration much harder than it is now<\/strong>).<\/p>\n\n\n\n<p class=\"wp-block-paragraph\"><em><strong>Tr\u1ea7n Phong V\u0169<\/strong><\/em><br><em>Mi\u1ec1n nam California, th\u1ee9 B\u1ea3y, ng\u00e0y 7.Oct.2023<\/em><\/p>\n","protected":false},"excerpt":{"rendered":"<p>Tr\u1ea7n Phong V\u0169\u00a0 Ngay sau khi chi\u1ebfm \u0111\u01b0\u1ee3c T\u00f2a B\u1ea1ch \u1ed0c, vi\u1ec7c \u0111\u1ea7u ti\u00ean c\u1ee7a Joe Biden l\u00e0 k\u00fd h\u00e0ng lo\u1ea1t Ngh\u1ecb \u0111\u1ecbnh x\u00f3a b\u1ecf nh\u1eefng c\u00f4ng tr\u00ecnh \u00edch qu\u1ed1c l\u1ee3i d\u00e2n c\u1ee7a c\u1ef1u TT Donald Trump, trong \u0111\u00f3 c\u00f3 b\u1ee9c t\u01b0\u1eddng bi\u00ean gi\u1edbi khi\u1ebfn h\u00e0ng tri\u1ec7u ng\u01b0\u1eddi d\u00e2n M\u1ef9<span class=\"more-link\"><a href=\"https:\/\/vanhoimoi.org\/?p=18644\">\u0111\u1ecdc ti\u1ebfp&#8230;<\/a><\/span><\/p>\n","protected":false},"author":3,"featured_media":18645,"comment_status":"closed","ping_status":"closed","sticky":false,"template":"","format":"standard","meta":{"_coblocks_attr":"","_coblocks_dimensions":"","_coblocks_responsive_height":"","_coblocks_accordion_ie_support":"","footnotes":""},"categories":[7,8,12,57,53],"tags":[],"class_list":["entry","author-nduong","post-18644","post","type-post","status-publish","format-standard","has-post-thumbnail","category-binhluan","category-chinhtri-xahoi","category-chuyenmuc","category-giaoduc-vanhoc-lichsu","category-kinhte-chinhtri"],"_links":{"self":[{"href":"https:\/\/vanhoimoi.org\/index.php?rest_route=\/wp\/v2\/posts\/18644","targetHints":{"allow":["GET"]}}],"collection":[{"href":"https:\/\/vanhoimoi.org\/index.php?rest_route=\/wp\/v2\/posts"}],"about":[{"href":"https:\/\/vanhoimoi.org\/index.php?rest_route=\/wp\/v2\/types\/post"}],"author":[{"embeddable":true,"href":"https:\/\/vanhoimoi.org\/index.php?rest_route=\/wp\/v2\/users\/3"}],"replies":[{"embeddable":true,"href":"https:\/\/vanhoimoi.org\/index.php?rest_route=%2Fwp%2Fv2%2Fcomments&post=18644"}],"version-history":[{"count":0,"href":"https:\/\/vanhoimoi.org\/index.php?rest_route=\/wp\/v2\/posts\/18644\/revisions"}],"wp:featuredmedia":[{"embeddable":true,"href":"https:\/\/vanhoimoi.org\/index.php?rest_route=\/wp\/v2\/media\/18645"}],"wp:attachment":[{"href":"https:\/\/vanhoimoi.org\/index.php?rest_route=%2Fwp%2Fv2%2Fmedia&parent=18644"}],"wp:term":[{"taxonomy":"category","embeddable":true,"href":"https:\/\/vanhoimoi.org\/index.php?rest_route=%2Fwp%2Fv2%2Fcategories&post=18644"},{"taxonomy":"post_tag","embeddable":true,"href":"https:\/\/vanhoimoi.org\/index.php?rest_route=%2Fwp%2Fv2%2Ftags&post=18644"}],"curies":[{"name":"wp","href":"https:\/\/api.w.org\/{rel}","templated":true}]}}