{"id":19421,"date":"2023-12-07T01:19:40","date_gmt":"2023-12-07T01:19:40","guid":{"rendered":"https:\/\/vanhoimoi.org\/?p=19421"},"modified":"2023-12-07T03:01:03","modified_gmt":"2023-12-07T03:01:03","slug":"khi-mot-thu-lanh-da-denchoi-bo-dang-dan-chu-ca-ngoi-cuu-tt-donald-trump","status":"publish","type":"post","link":"https:\/\/vanhoimoi.org\/?p=19421","title":{"rendered":"<strong>Khi m\u1ed9t th\u1ee7 l\u00e3nh da \u0111en:<br>Ch\u1ed1i b\u1ecf \u0111\u1ea3ng D\u00e2n Ch\u1ee7 ca ng\u1ee3i c\u1ef1u TT Donald Trump<\/strong><br><span style='color:#00a0ff;font-size:.9em;font-weight:500;'>-Tr\u1ea7n Phong V\u0169<\/span>"},"content":{"rendered":"\n<p class=\"wp-block-paragraph\"><em><strong>Tr\u1ea7n Phong V\u0169<\/strong><\/em><\/p>\n\n\n\n<h4 class=\"wp-block-heading\">1. Khi ng\u01b0\u1eddi \u0111\u1ed3ng s\u00e1ng l\u1eadp BLM t\u1eeb b\u1ecf \u0111\u1ea3ng Con L\u1eeba<\/h4>\n\n\n\n<p class=\"wp-block-paragraph\">The Federalist Wire v\u1eeba cho hay: h\u00f4m Th\u1ee9 Ba, ng\u00e0y 20-11-2023, Mark Fisher, m\u1ed9t \u0111\u1ea3ng vi\u00ean \u0111\u1ea3ng D\u00e2n Ch\u1ee7 v\u1ed1n l\u00e0 \u0111\u1ed3ng s\u00e1ng l\u1eadp t\u1ed5 ch\u1ee9c Black Lives Matter (BLM) \u0111\u00e3 l\u00ean ti\u1ebfng t\u00e1n th\u01b0\u1edfng v\u00e0 \u1ee7ng h\u1ed9 c\u1ef1u T\u1ed5ng th\u1ed1ng Donald Trump trong cu\u1ed9c b\u1ea7u c\u1eed n\u0103m 2024. \u00d4ng minh danh \u0111\u1ed5 l\u1ed7i cho \u0111\u1ea3ng D\u00e2n Ch\u1ee7 v\u1ec1 c\u00e1c ch\u00ednh s\u00e1ch ph\u00e2n bi\u1ec7t \u0111\u1ed1i x\u1eed, ph\u1ea3n b\u1ed9i v\u00e0 g\u00e2y t\u1ed5n h\u1ea1i cho c\u1ed9ng \u0111\u1ed3ng ng\u01b0\u1eddi da \u0111en.<\/p>\n\n\n\n<p class=\"wp-block-paragraph\">\u0110\u01b0\u1ee3c bi\u1ebft, Mark Fisher \u0111\u00e3 ph\u00e1t bi\u1ec3u tr\u00ean \u201cFox &amp; Friends\u201d \u0111\u1ec3 gi\u1ea3i th\u00edch l\u00fd do t\u1ea1i sao hi\u1ec7n nay nhi\u1ec1u c\u1eed tri da \u0111en l\u1ea1i t\u1eeb b\u1ecf \u0111\u1ea3ng D\u00e2n Ch\u1ee7, v\u00e0 \u0111\u00e3 quy\u1ebft \u0111\u1ecbnh b\u1ecf phi\u1ebfu cho ai kh\u00e1c kh\u00f4ng ph\u1ea3i l\u00e0 Joe Biden trong cu\u1ed9c b\u1ea7u c\u1eed t\u1ed5ng th\u1ed1ng s\u1eafp t\u1edbi.<\/p>\n\n\n\n<p class=\"wp-block-paragraph\">Fisher n\u00f3i v\u1edbi Lawrence Jones: \u0110\u00f3 l\u00e0 s\u1ef1 d\u1ed1i tr\u00e1 c\u1ee7a \u0111\u1ea3ng D\u00e2n Ch\u1ee7, s\u1ef1 \u0111\u1ea1o \u0111\u1ee9c gi\u1ea3. Ch\u00fang t\u00f4i kh\u00f4ng ngu ng\u1ed1c. Ch\u00fang t\u00f4i hi\u1ec3u khi n\u00e0o ai \u0111\u00f3 \u1ee7ng h\u1ed9 ch\u00fang t\u00f4i v\u00e0 khi n\u00e0o th\u00ec xoay l\u01b0ng l\u1ea1i v\u1edbi ch\u00fang t\u00f4i.<\/p>\n\n\n<div class=\"wp-block-image\">\n<figure class=\"alignleft size-full\"><img loading=\"lazy\" decoding=\"async\" width=\"300\" height=\"171\" src=\"https:\/\/vanhoimoi.org\/wp-content\/uploads\/2023\/12\/MarkFisher3-1.jpg\" alt=\"\" class=\"wp-image-19429\"\/><figcaption class=\"wp-element-caption\">Mark Fisher (photo: FoxNews)<\/figcaption><\/figure>\n<\/div>\n\n\n<p class=\"wp-block-paragraph\">\u00d4ng nh\u1ea5n m\u1ea1nh: C\u00e1c ch\u00ednh s\u00e1ch c\u1ee7a \u0111\u1ea3ng D\u00e2n Ch\u1ee7 \u0111\u00e3 th\u1ef1c s\u1ef1 t\u1ea5n c\u00f4ng v\u00e0o trung t\u00e2m c\u1ee7a gia \u0111\u00ecnh nh\u1eefng c\u1eed tri trong c\u1ed9ng \u0111\u1ed3ng ng\u01b0\u1eddi da \u0111en.<\/p>\n\n\n\n<p class=\"wp-block-paragraph\">V\u1eabn theo t\u01b0\u1eddng tr\u00ecnh c\u1ee7a The Federalist Wire:<br><em>\u201cTrong l\u1ea7n xu\u1ea5t hi\u1ec7n v\u1edbi \u2018The Kim Iversen Show\u2019 h\u1ed3i \u0111\u1ea7u th\u00e1ng n\u00e0y, Fisher tuy\u00ean b\u1ed1 r\u1eb1ng \u0111\u1ea3ng D\u00e2n Ch\u1ee7 \u2018kh\u00f4ng coi tr\u1ecdng\u2019 cu\u1ed9c b\u1ecf phi\u1ebfu c\u1ee7a ng\u01b0\u1eddi da \u0111en, \u0111\u1ed3ng th\u1eddi khen ng\u1ee3i Trump v\u00ec \u0111\u00e3 \u1ee7ng h\u1ed9 c\u00e1c bi\u1ec7n ph\u00e1p c\u00f3 l\u1ee3i cho c\u1ed9ng \u0111\u1ed3ng\u201d.<\/em><\/p>\n\n\n\n<p class=\"wp-block-paragraph\">Fisher n\u00f3i: <br><em>\u201cCh\u00fang t\u00f4i \u0111\u00e3 b\u1ecb \u0111\u1ea3ng \u0111\u00f3 l\u1ee3i d\u1ee5ng v\u00e0 l\u1ea1m d\u1ee5ng qu\u00e1 l\u00e2u, h\u1ecd kh\u00f4ng coi tr\u1ecdng phi\u1ebfu b\u1ea7u c\u1ee7a ch\u00fang t\u00f4i. Ch\u00ednh s\u00e1ch c\u1ee7a h\u1ecd v\u1ec1 c\u0103n b\u1ea3n l\u00e0 ch\u00ednh s\u00e1ch ph\u00e2n bi\u1ec7t ch\u1ee7ng t\u1ed9c.<\/em><\/p>\n\n\n\n<p class=\"wp-block-paragraph\"><em>T\u00f4i tin r\u1eb1ng \u0111\u00f3 l\u00e0 m\u1ed9t \u0111\u1ea3ng ph\u00e2n bi\u1ec7t ch\u1ee7ng t\u1ed9c. Donald Trump th\u00ec ng\u01b0\u1ee3c l\u1ea1i. \u00d4ng \u1ea5y s\u1ebd cho b\u1ea1n bi\u1ebft n\u00f3 nh\u01b0 th\u1ebf n\u00e0o. \u00d4ng<\/em><em> Trump s\u1ebd<\/em><em> n\u00f3i th\u1eb3ng. Trump \u0111\u00e3 l\u00e0m \u0111\u01b0\u1ee3c nhi\u1ec1u \u0111i\u1ec1u cho c\u1ed9ng \u0111\u1ed3ng ng\u01b0\u1eddi da \u0111en h\u01a1n b\u1ea5t c\u1ee9 t\u1ed5ng th\u1ed1ng n\u00e0o m\u00e0 t\u00f4i c\u00f3 th\u1ec3 ngh\u0129 \u0111\u1ebfn su\u1ed1t \u0111\u1eddi t\u00f4i\u201d<\/em><em>.<\/em><\/p>\n\n\n\n<p class=\"wp-block-paragraph\">(During an appearance with \u2018The Kim Iversen Show\u2019 earlier this month, Fisher stated that Democrats \u2018don\u2019t value\u2019 the black vote, while complimenting Trump for championing measures that benefit the community.<\/p>\n\n\n\n<p class=\"wp-block-paragraph\">&#8220;We\u2019ve been used and abused for so long by that party, they don\u2019t value our vote\u2019, Fisher said. \u2018Their policies are basically racist policies.<br>I believe it\u2019s a racist party. Donald Trump is just the opposite. He\u2019s going to tell you how it is. He\u2019s going to give it to you straight. Trump has done more for the black community than any president I can think of in mylifetime&#8221;, he continued).<\/p>\n\n\n\n<h4 class=\"wp-block-heading\">2. S\u1ed1 c\u1eed tri da \u0111en \u1ee7ng h\u1ed9 Trump ng\u00e0y m\u1ed9t gia t\u0103ng<\/h4>\n\n\n\n<p class=\"wp-block-paragraph\">V\u1eabn theo ngu\u1ed3n tin tr\u00ean \u0111\u00e2y, m\u1ed9t cu\u1ed9c kh\u1ea3o s\u00e1t c\u1ee7a New York Times\/Siena College c\u00f4ng b\u1ed1 \u0111\u1ea7u th\u00e1ng n\u00e0y \u0111\u00e3 c\u1ea3nh b\u00e1o c\u00e1c \u0111\u1ea3ng vi\u00ean \u0111\u1ea3ng D\u00e2n Ch\u1ee7 khi ti\u1ebft l\u1ed9 r\u1eb1ng Trump \u0111\u00e3 \u0111\u1ea1t \u0111\u01b0\u1ee3c m\u1ee9c \u0111\u1ed9 \u1ee7ng h\u1ed9 ch\u01b0a t\u1eebng c\u00f3 t\u1eeb c\u00e1c c\u1eed tri da \u0111en trong c\u00e1c l\u00e3nh v\u1ef1c c\u1ea1nh tranh m\u00e0 T\u1ed5ng th\u1ed1ng Biden gi\u00e0nh \u0111\u01b0\u1ee3c v\u00e0o n\u0103m 2020.<\/p>\n\n\n<div class=\"wp-block-image\">\n<figure class=\"alignleft size-full is-resized\"><img loading=\"lazy\" decoding=\"async\" width=\"500\" height=\"321\" src=\"https:\/\/vanhoimoi.org\/wp-content\/uploads\/2023\/12\/poll_TrumpLeadBiden.jpg\" alt=\"\" class=\"wp-image-19433\" style=\"aspect-ratio:1.557632398753894;width:538px;height:auto\" srcset=\"https:\/\/vanhoimoi.org\/wp-content\/uploads\/2023\/12\/poll_TrumpLeadBiden.jpg 500w, https:\/\/vanhoimoi.org\/wp-content\/uploads\/2023\/12\/poll_TrumpLeadBiden-300x193.jpg 300w, https:\/\/vanhoimoi.org\/wp-content\/uploads\/2023\/12\/poll_TrumpLeadBiden-465x299.jpg 465w\" sizes=\"auto, (max-width: 500px) 100vw, 500px\" \/><figcaption class=\"wp-element-caption\">(source: The New York Times\/Siena College)<\/figcaption><\/figure>\n<\/div>\n\n\n<p class=\"wp-block-paragraph\">&nbsp;Theo cu\u1ed9c kh\u1ea3o s\u00e1t n\u00e0y, c\u1eed tri da \u0111en \u1edf Nevada, Georgia, Arizona, Michigan, Pennsylvania v\u00e0 Wisconsin \u1ee7ng h\u1ed9 Trump v\u1edbi t\u1ef7 l\u1ec7 22%, t\u0103ng t\u1eeb 8% v\u00e0o n\u0103m 2020. M\u1ed9t cu\u1ed9c th\u0103m d\u00f2 v\u00e0o th\u00e1ng 5 v\u1eeba qua, ch\u1ec9 c\u00f3 41% ng\u01b0\u1eddi da \u0111en tr\u01b0\u1edfng th\u00e0nh mu\u1ed1n Biden tranh c\u1eed nhi\u1ec7m k\u1ef3 th\u1ee9 hai v\u00e0 ch\u1ec9 55% cho bi\u1ebft h\u1ecd c\u00f3 th\u1ec3 s\u1ebd b\u1ecf phi\u1ebfu cho \u00f4ng trong cu\u1ed9c t\u1ed5ng tuy\u1ec3n c\u1eed. Nh\u1eefng s\u1ed1 li\u1ec7u th\u1ed1ng k\u00ea n\u00e0y tr\u00e1i ng\u01b0\u1ee3c ho\u00e0n to\u00e0n v\u1edbi nh\u1eefng th\u00e1ng \u0111\u1ea7u ti\u00ean \u00f4ng Biden n\u1eafm quy\u1ec1n, khi 9\/10 c\u1eed tri da \u0111en t\u00e1n th\u00e0nh \u0111\u01b0\u1eddng l\u1ed1i c\u1ee7a \u00f4ng ta.<\/p>\n\n\n\n<p class=\"wp-block-paragraph\">Fisher cho r\u1eb1ng nh\u1eefng c\u1eed tri da \u0111en ti\u1ebfp t\u1ee5c b\u1ecf phi\u1ebfu xanh v\u00ec nh\u1eadn \u0111\u01b0\u1ee3c \u201cth\u00f4ng tin sai l\u1ec7ch\u201d v\u00e0 c\u0169ng v\u00ec kh\u00f4ng hi\u1ec3u bi\u1ebft v\u1ec1 \u0111\u01b0\u1eddng l\u1ed1i, ch\u00ednh s\u00e1ch v\u00e0 \u00fd t\u01b0\u1edfng c\u1ee7a Trump c\u0169ng nh\u01b0 c\u00e1ch ch\u00fang t\u00e1c \u0111\u1ed9ng \u0111\u1ebfn c\u1ed9ng \u0111\u1ed3ng ng\u01b0\u1eddi da \u0111en ra sao?<\/p>\n\n\n\n<p class=\"wp-block-paragraph\">Fisher n\u00f3i:<br>R\u1ea5t nhi\u1ec1u ng\u01b0\u1eddi \u0111\u00e3 hi\u1ec3u sai th\u00f4ng tin. H\u1ecd kh\u00f4ng th\u1ef1c s\u1ef1 hi\u1ec3u v\u00ec h\u1ecd kh\u00f4ng t\u1ef1 t\u00ecm hi\u1ec3u v\u1ec1 Donald Trump v\u1edbi t\u01b0 c\u00e1ch l\u00e0 con ng\u01b0\u1eddi v\u00e0 ti\u1ec3u s\u1eed c\u1ee7a \u00f4ng \u1ea5y. Nh\u01b0ng n\u1ebfu h\u1ecd t\u00ecm hi\u1ec3u th\u1ea5u \u0111\u00e1o th\u00ec \u0111i\u1ec1u \u0111\u00f3 s\u1ebd khi\u1ebfn\u2026 nh\u1eefng nh\u00e0 l\u00e3nh \u0111\u1ea1o c\u00f3 h\u1ecdc th\u1ee9c ph\u1ea3i truy\u1ec1n b\u00e1 r\u1ed9ng r\u00e3i. N\u00f3 s\u1ebd t\u1ef1 x\u1ea3y ra, b\u1edfi v\u00ec v\u1edbi kinh nghi\u1ec7m b\u1ea3n th\u00e2n, c\u00e1 nh\u00e2n t\u00f4i y\u00eau th\u00edch ng\u01b0\u1eddi \u0111\u00e0n \u00f4ng \u0111\u00f3.<\/p>\n\n\n\n<p class=\"wp-block-paragraph\">Fisher t\u1ef1 h\u1ecfi:<br>L\u00e0m sao b\u1ea1n c\u00f3 th\u1ec3 kh\u00f4ng th\u00edch m\u1ed9t ng\u01b0\u1eddi \u0111\u00e0n \u00f4ng th\u1ef1c s\u1ef1 nh\u01b0 th\u1ebf? L\u00e0m sao b\u1ea1n c\u00f3 th\u1ec3 kh\u00f4ng li\u00ean quan \u0111\u1ebfn m\u1ed9t ng\u01b0\u1eddi nh\u01b0 v\u1eady?<\/p>\n\n\n\n<p class=\"wp-block-paragraph\">B\u1ea5t ch\u1ea5p s\u1ef1 thay \u0111\u1ed5i quan \u0111i\u1ec3m ch\u00ednh tr\u1ecb c\u1ee7a m\u00ecnh, Fisher tuy\u00ean b\u1ed1 r\u1eb1ng \u00f4ng v\u1eabn l\u00e0 th\u00e0nh vi\u00ean c\u1ee7a Black Lives Matter v\u00e0 mong mu\u1ed1n ti\u1ebfp t\u1ee5c rao gi\u1ea3ng th\u00f4ng \u0111i\u1ec7p v\u1ec1 \u201cs\u1ef1 \u0111o\u00e0n k\u1ebft\u201d.<\/p>\n\n\n\n<h4 class=\"wp-block-heading\">3. \u0110o\u00e0n k\u1ebft, h\u1ee3p nh\u1ea5t: Th\u00f4ng \u0111i\u1ec7p kh\u1ea9n c\u1ee7a Mark Fisher<\/h4>\n\n\n\n<p class=\"wp-block-paragraph\">Mark Fisher n\u00f3i:<br><em>\u201cTh\u00f4ng \u0111i\u1ec7p m\u00e0 t\u00f4i rao gi\u1ea3ng v\u00e0 t\u00f4i n\u00f3i l\u00e0 s\u1ef1 \u0111o\u00e0n k\u1ebft. \u0110\u00f3 l\u00e0 th\u00f4ng \u0111i\u1ec7p v\u1ec1 s\u1ef1 \u0111o\u00e0n k\u1ebft, s\u1ef1 \u0111o\u00e0n k\u1ebft \u0111\u01b0\u1ee3c th\u00fac \u0111\u1ea9y, T\u00f4i mu\u1ed1n t\u1eadp h\u1ee3p t\u1ea5t c\u1ea3 c\u00e1c nh\u00f3m b\u1ecb g\u1ea1t ra ngo\u00e0i l\u1ec1 x\u00e3 h\u1ed9i v\u00e0 \u0111\u01b0a h\u1ecd v\u00e0o trung t\u00e2m, b\u1edfi v\u00ec ch\u00fang ta c\u00f9ng nhau m\u1ea1nh m\u1ebd h\u01a1n v\u1edbi t\u01b0 c\u00e1ch l\u00e0\u2026 m\u1ed9t qu\u1ed1c gia d\u01b0\u1edbi quy\u1ec1n Ch\u00faa, kh\u00f4ng th\u1ec3 chia c\u1eaft\u2026\u201d.<\/em><\/p>\n\n\n\n<p class=\"wp-block-paragraph\">(My message that I preach and that I tell is unity. It\u2019s a message of unity, unity driven, I want to bring together all the marginalized groups from the margins and bring them to the center, because we\u2019re stronger together as \u2026 one nation under God, indivisible\u2026).<\/p>\n\n\n\n<p class=\"wp-block-paragraph\">Nh\u1eefng ch\u1ee9ng t\u1eeb tr\u00ean \u0111\u00e2y c\u1ee7a Mark Fisher, m\u1ed9t ng\u01b0\u1eddi m\u1ea5y n\u0103m tr\u01b0\u1edbc c\u00f2n m\u00ea mu\u1ed9i \u0111\u00e3 \u0111\u00e1nh m\u1ea5t ch\u00ednh m\u00ecnh, c\u1ea3 tin nh\u1eefng l\u1eddi d\u1ee5 d\u1ed7 \u0111\u01b0\u1eddng m\u1eadt c\u1ee7a th\u1ebf gian \u0111i theo c\u00e1nh t\u1ea3 trong \u0111\u1ea3ng D\u00e2n Ch\u1ee7. T\u1eeb \u0111\u1ea5y, \u00f4ng \u0111\u00e3 c\u00f9ng m\u1ed9t ng\u01b0\u1eddi anh em da \u0111en \u0111\u1ed3ng s\u00e1ng l\u1eadp nh\u00f3m BLM.<\/p>\n\n\n\n<p class=\"wp-block-paragraph\">Nh\u01b0ng r\u1ed3i, sau m\u1ed9t th\u1eddi gian l\u1ea7m \u0111\u01b0\u1eddng, l\u1ea1c l\u1ed1i, Th\u01b0\u1ee3ng \u0110\u1ebf \u0111\u00e3 m\u1edf h\u1ed3n tr\u00ed \u00f4ng, gi\u00fap \u00f4ng suy t\u01b0 v\u00e0 t\u00ecm hi\u1ec3u. V\u00e0 m\u1ed9t ng\u00e0y Fisher \u0111\u00e3 gi\u00e1c ng\u1ed9 \u0111\u1ec3 t\u1ef1 m\u00ecnh t\u00ecm ra s\u1ef1 th\u1eadt.<\/p>\n\n\n\n<p class=\"wp-block-paragraph\">Nh\u1edd th\u1ebf, \u00f4ng \u0111\u00e3 bi\u1ebfn th\u00e0nh m\u1ed9t con ng\u01b0\u1eddi kh\u00e1c bi\u1ebft nh\u1eadn ra \u0111\u00e2u l\u00e0 \u00e1nh s\u00e1ng, \u0111\u00e2u l\u00e0 b\u00f3ng t\u1ed1i, \u0111\u1ec3 t\u1ef1 t\u00ecm l\u1ea1i b\u1ea3n ng\u00e3 \u0111\u00edch th\u1ef1c c\u1ee7a m\u00ecnh. Mark Fisher kh\u00f4ng ch\u1ec9 ngh\u0129 t\u1edbi s\u1ef1 gi\u1ea3i tho\u00e1t cho ri\u00eang \u00f4ng. \u00d4ng mu\u1ed1n truy\u1ec1n \u0111\u1ea1t nh\u1eefng tr\u1ea3i nghi\u1ec7m qu\u00ed b\u00e1u b\u1ea3n th\u00e2n cho nh\u1eefng ng\u01b0\u1eddi c\u00f2n u m\u00ea, gi\u00fap h\u1ecd s\u1edbm t\u00ecm ra s\u1ef1 th\u1eadt, bi\u1ebft ph\u00e2n bi\u1ec7t hay d\u1edf, s\u00e1ng t\u1ed1i \u0111\u1ec3 t\u00ecm v\u1ec1 ch\u00ednh l\u1ed9. Tr\u01b0\u1edbc h\u1ebft v\u00e0 tr\u00ean h\u1ebft l\u00e0 v\u1edbi c\u1ed9ng \u0111\u1ed3ng da \u0111en c\u1ee7a \u00f4ng.<\/p>\n\n\n\n<p class=\"wp-block-paragraph\">&nbsp;Nh\u01b0 v\u1eady l\u00e0 t\u1eeb xu\u1ea5t ph\u00e1t \u0111i\u1ec3m l\u00e0 \u201ct\u1ef1 gi\u00e1c\u201d, t\u1ef1 m\u1edf m\u1eaft, Mark Fisher \u0111\u00e3 ti\u1ebfn th\u00eam m\u1ed9t b\u01b0\u1edbc d\u00e0i l\u00e0 \u201cgi\u00e1c tha\u201d, th\u00fac \u0111\u1ea9y \u00f4ng m\u1ea1nh d\u1ea1n \u0111em nh\u1eefng tr\u1ea3i nghi\u1ec7m c\u1ee7a ri\u00eang m\u00ecnh \u0111\u1ec3 gi\u00e1c ng\u1ed9 tha nh\u00e2n.<\/p>\n\n\n\n<p class=\"wp-block-paragraph\">T\u1eeb th\u00e1i \u0111\u1ed9 t\u00e2m ph\u1ee5c m\u1ed9t con ng\u01b0\u1eddi th\u1eb3ng th\u1eafn, bi\u1ebft ph\u1ee5c thi\u1ec7n, ch\u00fang ta c\u1ea7u mong cho S\u1ee9 \u0111i\u1ec7p \u201cT\u1ec9nh Th\u1ee9c\u201d, \u201c\u0110o\u00e0n K\u1ebft\u201d trong chi\u1ec1u h\u01b0\u1edbng Thi\u1ec7n H\u1ea3o do Mark Fisher \u0111\u1ec1 ra, \u0111\u1ea1t \u0111\u01b0\u1ee3c th\u00e0nh qu\u1ea3 vi\u00ean m\u00e3n, \u0111\u1ec3 nh\u00e0 nh\u00e0, ng\u01b0\u1eddi ng\u01b0\u1eddi v\u00e0 m\u1ecdi s\u1eafc d\u00e2n k\u1ebft th\u00e0nh m\u1ed9t m\u1ed1i d\u01b0\u1edbi ng\u1ecdn c\u1edd ch\u00ednh ngh\u0129a, c\u00f9ng nhau ki\u1ebfn t\u1ea1o m\u1ed9t Hi\u1ec7p ch\u00fang Qu\u1ed1c Hoa K\u1ef3 t\u1ef1 do, h\u00f9ng m\u1ea1nh mai ng\u00e0y.<\/p>\n\n\n\n<p class=\"wp-block-paragraph\"><strong><em>Tr\u1ea7n Phong V\u0169<\/em><\/strong><br><em>Nam California, ng\u00e0y \u0111\u1ea7u th\u00e1ng 12-2023<\/em><\/p>\n\n\n\n<p class=\"wp-block-paragraph\"><\/p>\n","protected":false},"excerpt":{"rendered":"<p>Tr\u1ea7n Phong V\u0169 1. Khi ng\u01b0\u1eddi \u0111\u1ed3ng s\u00e1ng l\u1eadp BLM t\u1eeb b\u1ecf \u0111\u1ea3ng Con L\u1eeba The Federalist Wire v\u1eeba cho hay: h\u00f4m Th\u1ee9 Ba, ng\u00e0y 20-11-2023, Mark Fisher, m\u1ed9t \u0111\u1ea3ng vi\u00ean \u0111\u1ea3ng D\u00e2n Ch\u1ee7 v\u1ed1n l\u00e0 \u0111\u1ed3ng s\u00e1ng l\u1eadp t\u1ed5 ch\u1ee9c Black Lives Matter (BLM) \u0111\u00e3 l\u00ean ti\u1ebfng t\u00e1n th\u01b0\u1edfng<span class=\"more-link\"><a href=\"https:\/\/vanhoimoi.org\/?p=19421\">\u0111\u1ecdc ti\u1ebfp&#8230;<\/a><\/span><\/p>\n","protected":false},"author":3,"featured_media":19429,"comment_status":"closed","ping_status":"closed","sticky":false,"template":"","format":"standard","meta":{"_coblocks_attr":"","_coblocks_dimensions":"","_coblocks_responsive_height":"","_coblocks_accordion_ie_support":"","footnotes":""},"categories":[7,8,12,57,53],"tags":[],"class_list":["entry","author-nduong","post-19421","post","type-post","status-publish","format-standard","has-post-thumbnail","category-binhluan","category-chinhtri-xahoi","category-chuyenmuc","category-giaoduc-vanhoc-lichsu","category-kinhte-chinhtri"],"_links":{"self":[{"href":"https:\/\/vanhoimoi.org\/index.php?rest_route=\/wp\/v2\/posts\/19421","targetHints":{"allow":["GET"]}}],"collection":[{"href":"https:\/\/vanhoimoi.org\/index.php?rest_route=\/wp\/v2\/posts"}],"about":[{"href":"https:\/\/vanhoimoi.org\/index.php?rest_route=\/wp\/v2\/types\/post"}],"author":[{"embeddable":true,"href":"https:\/\/vanhoimoi.org\/index.php?rest_route=\/wp\/v2\/users\/3"}],"replies":[{"embeddable":true,"href":"https:\/\/vanhoimoi.org\/index.php?rest_route=%2Fwp%2Fv2%2Fcomments&post=19421"}],"version-history":[{"count":0,"href":"https:\/\/vanhoimoi.org\/index.php?rest_route=\/wp\/v2\/posts\/19421\/revisions"}],"wp:featuredmedia":[{"embeddable":true,"href":"https:\/\/vanhoimoi.org\/index.php?rest_route=\/wp\/v2\/media\/19429"}],"wp:attachment":[{"href":"https:\/\/vanhoimoi.org\/index.php?rest_route=%2Fwp%2Fv2%2Fmedia&parent=19421"}],"wp:term":[{"taxonomy":"category","embeddable":true,"href":"https:\/\/vanhoimoi.org\/index.php?rest_route=%2Fwp%2Fv2%2Fcategories&post=19421"},{"taxonomy":"post_tag","embeddable":true,"href":"https:\/\/vanhoimoi.org\/index.php?rest_route=%2Fwp%2Fv2%2Ftags&post=19421"}],"curies":[{"name":"wp","href":"https:\/\/api.w.org\/{rel}","templated":true}]}}