{"id":21019,"date":"2024-04-11T18:40:22","date_gmt":"2024-04-11T18:40:22","guid":{"rendered":"https:\/\/vanhoimoi.org\/?p=21019"},"modified":"2024-04-11T18:44:23","modified_gmt":"2024-04-11T18:44:23","slug":"van-de-cua-israel-khong-chi-la-netanyahu-ma-la-toan-bo-xa-hoi-nuoc-nay","status":"publish","type":"post","link":"https:\/\/vanhoimoi.org\/?p=21019","title":{"rendered":"<strong>V\u1ea5n \u0111\u1ec1 c\u1ee7a Israel kh\u00f4ng ch\u1ec9 l\u00e0 Netanyahu, m\u00e0 l\u00e0 to\u00e0n b\u1ed9 x\u00e3 h\u1ed9i n\u01b0\u1edbc n\u00e0y<\/strong><br><span style='color:#00a0ff;font-size:.9em;font-weight:500;'>Mairav Zonszein<\/span>"},"content":{"rendered":"<div class=\"wp-block-image\">\n<figure class=\"aligncenter size-full\"><img decoding=\"async\" src=\"https:\/\/vanhoimoi.org\/wp-content\/uploads\/2023\/12\/Do-Thai-Thu-tuong-Benamin-Netanyahu-1.png\" alt=\"\" class=\"wp-image-19448\"\/><figcaption class=\"wp-element-caption\"><strong>Th\u1ee7 t\u01b0\u1edbng Israel Benjamin Netanyahu<\/strong><br>________________<\/figcaption><\/figure>\n<\/div>\n\n\n<p class=\"wp-block-paragraph\"><strong>Ngu\u1ed3n:<\/strong>&nbsp;<strong><mark style=\"background-color:rgba(0, 0, 0, 0)\" class=\"has-inline-color has-accent-color\">Mairav Zonszein, \u201cThe Problem Isn\u2019t Just Netanyahu, It\u2019s Israeli Society,\u201d&nbsp;<em>Foreign Policy,&nbsp;<\/em><\/mark><\/strong>02\/04\/2024<\/p>\n\n\n\n<p class=\"wp-block-paragraph\"><strong>Bi\u00ean d\u1ecbch:<\/strong>&nbsp;Nguy\u1ec5n Th\u1ecb Kim Ph\u1ee5ng<\/p>\n\n\n\n<p class=\"has-text-align-right wp-block-paragraph\"><em><strong><mark style=\"background-color:rgba(0, 0, 0, 0)\" class=\"has-inline-color has-vivid-red-color\">D\u00f9 \u0111\u1ed5 l\u1ed7i cho th\u1ee7 t\u01b0\u1edbng, nh\u01b0ng ph\u1ea7n l\u1edbn c\u00e1c c\u00f4ng d\u00e2n Israel g\u1ed1c Do Th\u00e1i v\u1eabn \u1ee7ng h\u1ed9 c\u00e1c ch\u00ednh s\u00e1ch mang t\u00ednh ch\u1ea5t t\u00e0n ph\u00e1 c\u1ee7a \u00f4ng \u1edf Gaza v\u00e0 c\u00e1c khu v\u1ef1c kh\u00e1c<\/mark><\/strong>.<\/em><\/p>\n\n\n\n<p class=\"wp-block-paragraph\"><strong>Khi L\u00e3nh \u0111\u1ea1o \u0111a s\u1ed1 \u1edf Th\u01b0\u1ee3ng vi\u1ec7n Chuck Schumer, m\u1ed9t trong nh\u1eefng nh\u00e0 l\u1eadp ph\u00e1p \u1ee7ng h\u1ed9 Israel trung th\u00e0nh nh\u1ea5t \u1edf n\u01b0\u1edbc M\u1ef9, v\u00e0 l\u00e0 quan ch\u1ee9c g\u1ed1c Do Th\u00e1i c\u1ea5p cao nh\u1ea5t \u1edf Washington, l\u00ean ti\u1ebfng k\u00eau g\u1ecdi l\u1eadt \u0111\u1ed5 Th\u1ee7 t\u01b0\u1edbng Israel Benjamin Netanyahu ngay t\u1ea1i Th\u01b0\u1ee3ng vi\u1ec7n v\u00e0o gi\u1eefa th\u00e1ng 3, \u0111\u00f3 l\u00e0 m\u1ed9t th\u1eddi kh\u1eafc mang t\u00ednh b\u01b0\u1edbc ngo\u1eb7t \u0111\u1ed1i v\u1edbi b\u1ea5t k\u1ef3 ai theo d\u00f5i vai tr\u00f2 c\u1ee7a Israel trong n\u1ec1n ch\u00ednh tr\u1ecb M\u1ef9.<\/strong><\/p>\n\n\n\n<p class=\"wp-block-paragraph\">Israel \u0111\u00e3 tr\u1edf th\u00e0nh v\u1ea5n \u0111\u1ec1 b\u1ea5t kh\u1ea3 x\u00e2m ph\u1ea1m \u1edf M\u1ef9 su\u1ed1t m\u1ed9t th\u1eddi gian d\u00e0i, \u0111\u1ebfn m\u1ee9c vi\u1ec7c m\u1ed9t \u0111\u1ea3ng vi\u00ean D\u00e2n ch\u1ee7 di\u1ec1u h\u00e2u nh\u01b0 Schumer k\u00eau g\u1ecdi thay \u0111\u1ed5i ch\u1ebf \u0111\u1ed9 \u1edf Israel l\u00e0 \u0111i\u1ec1u kh\u00f4ng th\u1ec3 t\u01b0\u1edfng t\u01b0\u1ee3ng \u0111\u01b0\u1ee3c. <strong>Nh\u01b0ng quan \u0111i\u1ec3m c\u1ee7a v\u1ecb L\u00e3nh \u0111\u1ea1o Th\u01b0\u1ee3ng vi\u1ec7n l\u1ea1i l\u00e0 quan \u0111i\u1ec3m d\u00f2ng ch\u00ednh t\u1ea1i Israel. C\u00f3 m\u1ed9t s\u1ef1 \u0111\u1ed3ng thu\u1eadn \u2013 ngay c\u1ea3 trong ch\u00ednh \u0111\u1ea3ng c\u1ee7a Netanyahu \u2013 r\u1eb1ng c\u00e1c cu\u1ed9c b\u1ea7u c\u1eed n\u00ean \u0111\u01b0\u1ee3c t\u1ed5 ch\u1ee9c s\u1edbm.<\/strong> D\u01b0\u1eddng nh\u01b0 quan ni\u1ec7m ph\u1ed5 bi\u1ebfn \u1edf Israel l\u00e0 Netanyahu \u0111ang k\u00e9o d\u00e0i cu\u1ed9c chi\u1ebfn v\u00ec s\u1ef1 s\u1ed1ng c\u00f2n ch\u00ednh tr\u1ecb c\u1ee7a m\u00ecnh, b\u1edfi \u00f4ng bi\u1ebft v\u00e0o th\u1eddi \u0111i\u1ec3m cu\u1ed9c chi\u1ebfn t\u1ea1m d\u1eebng, ng\u01b0\u1eddi Israel s\u1ebd c\u00e0ng ki\u00ean quy\u1ebft y\u00eau c\u1ea7u \u0111i\u1ec1u tra nh\u1eefng th\u1ea5t b\u1ea1i c\u1ee7a ng\u00e0y 7\/10 v\u00e0 th\u00fac \u0111\u1ea9y b\u1ea7u c\u1eed s\u1edbm \u0111\u1ec3 b\u00e3i nhi\u1ec7m \u00f4ng.<\/p>\n\n\n<div class=\"wp-block-image\">\n<figure class=\"alignleft size-full is-resized\"><img loading=\"lazy\" decoding=\"async\" width=\"635\" height=\"410\" src=\"https:\/\/vanhoimoi.org\/wp-content\/uploads\/2023\/11\/Do-Thai-IDF-dang-kiem-soat-va-mang-tiep-lieu-y-te-den-benh-vien.png\" alt=\"\" class=\"wp-image-19099\" style=\"width:400px;height:auto\" srcset=\"https:\/\/vanhoimoi.org\/wp-content\/uploads\/2023\/11\/Do-Thai-IDF-dang-kiem-soat-va-mang-tiep-lieu-y-te-den-benh-vien.png 635w, https:\/\/vanhoimoi.org\/wp-content\/uploads\/2023\/11\/Do-Thai-IDF-dang-kiem-soat-va-mang-tiep-lieu-y-te-den-benh-vien-300x194.png 300w, https:\/\/vanhoimoi.org\/wp-content\/uploads\/2023\/11\/Do-Thai-IDF-dang-kiem-soat-va-mang-tiep-lieu-y-te-den-benh-vien-465x300.png 465w\" sizes=\"auto, (max-width: 635px) 100vw, 635px\" \/><figcaption class=\"wp-element-caption\">Qu\u00e2n \u0111\u1ed9i Do Th\u00e1i h\u00e0nh qu\u00e2n \u1edf Gaza<\/figcaption><\/figure>\n<\/div>\n\n\n<p class=\"wp-block-paragraph\"><strong><mark style=\"background-color:rgba(0, 0, 0, 0)\" class=\"has-inline-color has-accent-color\">T\u1eadp trung v\u00e0o Netanyahu l\u00e0 m\u1ed9t c\u00e1ch thu\u1eadn ti\u1ec7n \u0111\u1ec3 \u0111\u00e1nh l\u1ea1c h\u01b0\u1edbng kh\u1ecfi th\u1ef1c t\u1ebf r\u1eb1ng cu\u1ed9c chi\u1ebfn \u1edf Gaza kh\u00f4ng ph\u1ea3i l\u00e0 cu\u1ed9c chi\u1ebfn c\u1ee7a Netanyahu, m\u00e0 l\u00e0 cu\u1ed9c chi\u1ebfn c\u1ee7a Israel \u2013 v\u00e0 v\u1ea5n \u0111\u1ec1 kh\u00f4ng ch\u1ec9 n\u1eb1m \u1edf th\u1ee7 t\u01b0\u1edbng, m\u00e0 \u1edf to\u00e0n b\u1ed9 c\u1eed tri c\u1ee7a n\u01b0\u1edbc n\u00e0y.<\/mark><\/strong><\/p>\n\n\n\n<p class=\"wp-block-paragraph\"><strong>\u0110\u1ed5 l\u1ed7i cho Netanyahu <\/strong>\u2013 ng\u01b0\u1eddi t\u1eeb ch\u1ed1i r\u1eddi kh\u1ecfi ch\u00ednh tr\u01b0\u1eddng Israel d\u00f9 \u0111ang b\u1ecb x\u00e9t x\u1eed v\u00ec c\u00e1o bu\u1ed9c tham nh\u0169ng, v\u00e0 ti\u1ebfp t\u1ee5c l\u00e3nh \u0111\u1ea1o \u0111\u1ea5t n\u01b0\u1edbc trong th\u1ea3m h\u1ecda t\u1ed3i t\u1ec7 nh\u1ea5t trong l\u1ecbch s\u1eed \u2013 <strong>\u0111\u00e3 l\u00e0m lu m\u1edd s\u1ef1 th\u1eadt r\u1eb1ng: m\u1ed7i khi nh\u1eafc \u0111\u1ebfn ch\u00ednh s\u00e1ch c\u1ee7a Israel \u0111\u1ed1i v\u1edbi Gaza n\u00f3i ri\u00eang v\u00e0 ng\u01b0\u1eddi Palestine n\u00f3i chung, nhi\u1ec1u ng\u01b0\u1eddi Israel l\u1ea1i \u0111\u1ed3ng t\u00ecnh v\u1edbi Netanyahu.<\/strong> V\u1edbi m\u1ed9t t\u1ef7 l\u1ec7 \u00e1p \u0111\u1ea3o, h\u1ecd \u1ee7ng h\u1ed9 chi\u1ebfn d\u1ecbch qu\u00e2n s\u1ef1 hi\u1ec7n t\u1ea1i \u1edf Gaza v\u00e0 m\u1ee5c ti\u00eau ti\u00eau di\u1ec7t Hamas c\u1ee7a ch\u00ednh ph\u1ee7, b\u1ea5t ch\u1ea5p thi\u1ec7t h\u1ea1i nh\u00e2n m\u1ea1ng c\u1ee7a ng\u01b0\u1eddi Palestine \u1edf D\u1ea3i Gaza.<\/p>\n\n\n\n<p class=\"wp-block-paragraph\">Su\u1ed1t nhi\u1ec1u n\u0103m, ng\u01b0\u1eddi Israel \u2013 nh\u1edd c\u00f3 s\u1ef1 th\u1ed1ng tr\u1ecb v\u1ec1 qu\u00e2n s\u1ef1 v\u00e0 kinh t\u1ebf \u2013 \u0111\u00e3 b\u1ecf qua v\u1ea5n \u0111\u1ec1 c\u1ea5p b\u00e1ch nh\u1ea5t m\u00e0 \u0111\u1ea5t n\u01b0\u1edbc h\u1ecd ph\u1ea3i \u0111\u1ed1i m\u1eb7t \u2013 vi\u1ec7c ki\u1ec3m so\u00e1t h\u00e0ng tri\u1ec7u ng\u01b0\u1eddi Palestine. C\u00fa s\u1ed1c v\u00e0 s\u1ef1 t\u1ed5n th\u01b0\u01a1ng do v\u1ee5 t\u1ea5n c\u00f4ng ng\u00e0y 7\/10 g\u00e2y ra l\u1ea1i c\u00e0ng m\u1edf r\u1ed9ng ph\u1ea1m vi c\u1ee7a nh\u1eefng g\u00ec \u0111\u01b0\u1ee3c xem l\u00e0 c\u00f3 th\u1ec3 ch\u1ea5p nh\u1eadn.<\/p>\n\n\n\n<p class=\"wp-block-paragraph\"><strong><mark style=\"background-color:rgba(0, 0, 0, 0)\" class=\"has-inline-color has-accent-color\">\u0110a s\u1ed1 \u2013 88 ph\u1ea7n tr\u0103m \u2013 ng\u01b0\u1eddi Israel g\u1ed1c Do Th\u00e1i \u0111\u01b0\u1ee3c th\u0103m d\u00f2 v\u00e0o th\u00e1ng 1 tin r\u1eb1ng s\u1ed1 ng\u01b0\u1eddi Palestine thi\u1ec7t m\u1ea1ng, m\u1ed9t con s\u1ed1 kh\u1ed5ng l\u1ed3 \u0111\u00e3 v\u01b0\u1ee3t qu\u00e1 25.000 v\u00e0o th\u1eddi \u0111i\u1ec3m \u0111\u00f3, l\u00e0 ch\u00ednh \u0111\u00e1ng. Ph\u1ea7n l\u1edbn c\u00f4ng ch\u00fang Do Th\u00e1i c\u0169ng cho r\u1eb1ng L\u1ef1c l\u01b0\u1ee3ng Ph\u00f2ng v\u1ec7 Israel (IDF) \u0111ang s\u1eed d\u1ee5ng v\u1eeba \u0111\u1ee7, th\u1eadm ch\u00ed l\u00e0 qu\u00e1 \u00edt, l\u1ef1c l\u01b0\u1ee3ng \u1edf Gaza.<\/mark><\/strong> D\u1ef1a tr\u00ean \u00fd t\u01b0\u1edfng r\u1eb1ng <mark style=\"background-color:rgba(0, 0, 0, 0)\" class=\"has-inline-color has-vivid-red-color\">Hamas \u0111\u00e3 \u00e9p bu\u1ed9c Israel v\u00e0 ng\u01b0\u1eddi d\u00e2n Gaza ph\u1ea3i tham gia \u201ccu\u1ed9c chi\u1ebfn kh\u00f4ng c\u00f3 l\u1ef1a ch\u1ecdn\u201d n\u00e0y, v\u00e0 r\u1eb1ng ti\u00eau di\u1ec7t Hamas l\u00e0 v\u1ea5n \u0111\u1ec1 s\u1ed1ng c\u00f2n c\u1ee7a Israel,<\/mark> ngay c\u1ea3 m\u1ed1i \u0111e d\u1ecda v\u1ec1 n\u1ea1n \u0111\u00f3i s\u1eafp x\u1ea3y ra \u1edf Gaza c\u0169ng kh\u00f4ng k\u00edch \u0111\u1ed9ng s\u1ef1 ph\u1ea3n \u0111\u1ed1i chi\u1ebfn d\u1ecbch c\u1ee7a IDF.<\/p>\n\n\n\n<p class=\"wp-block-paragraph\">H\u01a1n n\u1eefa, trong m\u1ed9t cu\u1ed9c th\u0103m d\u00f2 h\u1ed3i th\u00e1ng 2 c\u1ee7a Vi\u1ec7n D\u00e2n ch\u1ee7 Israel, <strong>kho\u1ea3ng 2\/3 s\u1ed1 ng\u01b0\u1eddi Do Th\u00e1i \u0111\u01b0\u1ee3c h\u1ecfi (63%) cho bi\u1ebft h\u1ecd ph\u1ea3n \u0111\u1ed1i \u0111\u1ec1 xu\u1ea5t \u0111\u1ec3 Israel \u0111\u1ed3ng \u00fd v\u1ec1 m\u1eb7t nguy\u00ean t\u1eafc v\u1edbi vi\u1ec7c th\u00e0nh l\u1eadp m\u1ed9t nh\u00e0 n\u01b0\u1edbc Palestine \u0111\u1ed9c l\u1eadp, phi qu\u00e2n s\u1ef1.<\/strong> C\u00e1c nh\u00e0 l\u00e3nh \u0111\u1ea1o Israel cho r\u1eb1ng phong tr\u00e0o \u0111ang di\u1ec5n ra tr\u00ean ph\u1ea1m vi qu\u1ed1c t\u1ebf \u2013 nh\u1eb1m k\u00eau g\u1ecdi c\u00e1c ch\u00ednh ph\u1ee7 \u0111\u01a1n ph\u01b0\u01a1ng c\u00f4ng nh\u1eadn Palestine l\u00e0 m\u1ed9t qu\u1ed1c gia \u2013 ch\u00ednh l\u00e0 ph\u1ea7n th\u01b0\u1edfng cho ng\u01b0\u1eddi Palestine sau v\u1ee5 t\u1ea5n c\u00f4ng ng\u00e0y 7\/10.<\/p>\n\n\n\n<p class=\"wp-block-paragraph\">B\u1ea1n kh\u00f4ng c\u1ea7n m\u1ed9t cu\u1ed9c th\u0103m d\u00f2 \u0111\u1ec3 nh\u1eadn ra r\u1eb1ng s\u1ef1 \u1ee7ng h\u1ed9 \u0111\u1ed1i v\u1edbi gi\u1ea3i ph\u00e1p hai nh\u00e0 n\u01b0\u1edbc, c\u0169ng nh\u01b0 c\u00e1c quy\u1ec1n t\u1ef1 do c\u01a1 b\u1ea3n v\u00e0 quy\u1ec1n t\u1ef1 quy\u1ebft c\u1ee7a ng\u01b0\u1eddi Palestine, \u0111\u00e3 gi\u1ea3m d\u1ea7n trong c\u1ed9ng \u0111\u1ed3ng ng\u01b0\u1eddi Israel g\u1ed1c Do Th\u00e1i trong nh\u1eefng n\u0103m g\u1ea7n \u0111\u00e2y, v\u00e0 gi\u1edd \u0111\u00e2y c\u00f3 l\u1ebd n\u00f3 \u0111ang \u1edf m\u1ee9c th\u1ea5p nh\u1ea5t. Ch\u1ec9 c\u1ea7n nh\u00ecn v\u00e0o quan \u0111i\u1ec3m c\u1ee7a c\u00e1c \u0111\u1ea3ng ch\u00ednh tr\u1ecb Do Th\u00e1i \u1edf Israel.<strong> H\u1ea7u nh\u01b0 kh\u00f4ng ai trong s\u1ed1 n\u00e0y t\u00e1n th\u00e0nh gi\u1ea3i ph\u00e1p hai nh\u00e0 n\u01b0\u1edbc, v\u00e0 nh\u1eefng ng\u01b0\u1eddi n\u1eafm quy\u1ec1n c\u00f2n ch\u1ee7 \u0111\u1ed9ng b\u00e1c b\u1ecf gi\u1ea3i ph\u00e1p \u0111\u00f3, n\u1ed7 l\u1ef1c h\u1ebft s\u1ee9c \u0111\u1ec3 ng\u0103n ch\u1eb7n n\u00f3 x\u1ea3y ra.<\/strong><\/p>\n\n\n\n<p class=\"wp-block-paragraph\"><strong>H\u00e0ng ngh\u00ecn ng\u01b0\u1eddi Israel m\u1ed9t l\u1ea7n n\u1eefa l\u1ea1i xu\u1ed1ng \u0111\u01b0\u1eddng tu\u1ea7n h\u00e0nh, nh\u01b0ng kh\u00f4ng ph\u1ea3i \u0111\u1ec3 ph\u1ea3n \u0111\u1ed1i chi\u1ebfn tranh.<\/strong> Ngo\u1ea1i tr\u1eeb m\u1ed9t nh\u00f3m r\u1ea5t nh\u1ecf g\u1ed3m ng\u01b0\u1eddi Israel, Do Th\u00e1i, v\u00e0 Palestine, h\u1ecd kh\u00f4ng k\u00eau g\u1ecdi ng\u1eebng b\u1eafn hay ch\u1ea5m d\u1ee9t chi\u1ebfn tranh \u2013 hay v\u00ec h\u00f2a b\u00ecnh. <strong>H\u1ecd kh\u00f4ng ph\u1ea3n \u0111\u1ed1i vi\u1ec7c Israel gi\u1ebft h\u1ea1i m\u1ed9t l\u01b0\u1ee3ng ng\u01b0\u1eddi Palestine l\u1edbn ch\u01b0a t\u1eebng c\u00f3 \u1edf Gaza, hay nh\u1eefng h\u1ea1n ch\u1ebf c\u1ee7a n\u01b0\u1edbc n\u00e0y \u0111\u1ed1i v\u1edbi vi\u1ec7n tr\u1ee3 nh\u00e2n \u0111\u1ea1o d\u1eabn \u0111\u1ebfn n\u1ea1n \u0111\u00f3i h\u00e0ng lo\u1ea1t.<\/strong> (M\u1ed9t s\u1ed1 nh\u00e2n v\u1eadt Israel c\u00e1nh h\u1eefu th\u1eadm ch\u00ed c\u00f2n \u0111i xa h\u01a1n b\u1eb1ng c\u00e1ch t\u00edch c\u1ef1c ng\u0103n ch\u1eb7n vi\u1ec7n tr\u1ee3 v\u00e0o d\u1ea3i \u0111\u1ea5t n\u00e0y). <strong>H\u1ecd ch\u1eafc ch\u1eafn s\u1ebd kh\u00f4ng \u0111\u01b0a ra y\u00eau c\u1ea7u ch\u1ea5m d\u1ee9t s\u1ef1 chi\u1ebfm \u0111\u00f3ng qu\u00e2n s\u1ef1, m\u00e0 nay \u0111\u00e3 l\u00e0 n\u0103m th\u1ee9 57.<\/strong> <strong><mark style=\"background-color:rgba(0, 0, 0, 0)\" class=\"has-inline-color has-accent-color\">\u0110i\u1ec1u m\u00e0 h\u1ecd ph\u1ea3n \u0111\u1ed1i l\u00e0 vi\u1ec7c Netanyahu t\u1eeb ch\u1ed1i t\u1eeb ch\u1ee9c v\u00e0 s\u1ef1 ch\u1ea7n ch\u1eeb c\u1ee7a \u00f4ng trong vi\u1ec7c k\u00fd k\u1ebft m\u1ed9t th\u1ecfa thu\u1eadn trao \u0111\u1ed5i con tin.<\/mark><\/strong><\/p>\n\n\n<div class=\"wp-block-image\">\n<figure class=\"alignright size-full is-resized\"><img loading=\"lazy\" decoding=\"async\" width=\"707\" height=\"437\" src=\"https:\/\/vanhoimoi.org\/wp-content\/uploads\/2023\/11\/Do-Thai-Gia-dinh-cua-nhung-con-tin-bieu-tinh.png\" alt=\"\" class=\"wp-image-19100\" style=\"width:412px;height:auto\" srcset=\"https:\/\/vanhoimoi.org\/wp-content\/uploads\/2023\/11\/Do-Thai-Gia-dinh-cua-nhung-con-tin-bieu-tinh.png 707w, https:\/\/vanhoimoi.org\/wp-content\/uploads\/2023\/11\/Do-Thai-Gia-dinh-cua-nhung-con-tin-bieu-tinh-300x185.png 300w, https:\/\/vanhoimoi.org\/wp-content\/uploads\/2023\/11\/Do-Thai-Gia-dinh-cua-nhung-con-tin-bieu-tinh-465x287.png 465w, https:\/\/vanhoimoi.org\/wp-content\/uploads\/2023\/11\/Do-Thai-Gia-dinh-cua-nhung-con-tin-bieu-tinh-695x430.png 695w\" sizes=\"auto, (max-width: 707px) 100vw, 707px\" \/><figcaption class=\"wp-element-caption\">Nh\u1eefng cu\u1ed9c bi\u1ec3u t\u00ecnh \u1edf Do Th\u00e1i \u0111\u00f2i th\u1ea3 con tin b\u1ecb Hamas b\u1eaft c\u00f3c<\/figcaption><\/figure>\n<\/div>\n\n\n<p class=\"wp-block-paragraph\">T\u1ea1i m\u1ed9t cu\u1ed9c bi\u1ec3u t\u00ecnh g\u1ea7n \u0111\u00e2y \u1edf Jerusalem, c\u00e1c b\u0103ng-r\u00f4n \u201cCh\u00fang t\u00f4i kh\u00f4ng ph\u1ea3i l\u00e0 ch\u00ednh ph\u1ee7 c\u1ee7a ch\u00fang t\u00f4i\u201d \u0111\u00e3 \u0111\u01b0\u1ee3c \u0111\u1eb7t \u1edf tuy\u1ebfn \u0111\u1ea7u, ph\u1ea3n \u00e1nh s\u1ef1 kh\u00e1c bi\u1ec7t m\u00e0 c\u00e1c \u0111\u1ea3ng vi\u00ean D\u00e2n ch\u1ee7 M\u1ef9 \u0111ang v\u1ea1ch ra gi\u1eefa ch\u00ednh ph\u1ee7 Netanyahu v\u00e0 ng\u01b0\u1eddi d\u00e2n c\u1ee7a h\u1ecd.<\/p>\n\n\n\n<p class=\"wp-block-paragraph\">Nh\u01b0ng s\u1ef1 kh\u00e1c bi\u1ec7t \u0111\u00f3 l\u1ea1i \u0111ang g\u00e2y hi\u1ec3u l\u1ea7m.<\/p>\n\n\n\n<p class=\"wp-block-paragraph\"><strong><mark style=\"background-color:rgba(0, 0, 0, 0)\" class=\"has-inline-color has-accent-color\">\u0110\u1ed5 h\u1ebft tr\u00e1ch nhi\u1ec7m l\u00ean Th\u1ee7 t\u01b0\u1edbng l\u00e0 sai l\u1ea7m, b\u1edfi vi\u1ec7c \u0111\u00f3 b\u1ecf qua s\u1ef1 th\u1eadt l\u00e0 ng\u01b0\u1eddi Israel \u0111\u00e3 ch\u1ea5p nh\u1eadn, cho ph\u00e9p, th\u1eadm ch\u00ed ti\u1ebfp tay cho h\u1ec7 th\u1ed1ng chi\u1ebfm \u0111\u00f3ng qu\u00e2n s\u1ef1 v\u00e0 c\u00e1c h\u00e0nh vi phi nh\u00e2n \u0111\u1ea1o c\u1ee7a \u0111\u1ea5t n\u01b0\u1edbc h\u1ecd \u0111\u1ed1i v\u1edbi ng\u01b0\u1eddi Palestine.<\/mark><\/strong><\/p>\n\n\n\n<p class=\"wp-block-paragraph\">\u0110i\u1ec1u \u0111\u00f3 \u0111\u00fang v\u1edbi c\u00e1c th\u00e0nh vi\u00ean kh\u00e1c trong n\u1ed9i c\u00e1c chi\u1ebfn tranh, nh\u1eefng ng\u01b0\u1eddi th\u01b0\u1eddng \u0111\u01b0\u1ee3c mi\u00eau t\u1ea3 l\u00e0 \u0111\u1ed1i tr\u1ecdng ho\u1eb7c l\u00e0 ng\u01b0\u1eddi thay th\u1ebf th\u1ee7 t\u01b0\u1edbng. <strong>Kh\u00f4ng ph\u1ea3i Netanyahu m\u00e0 ch\u00ednh l\u00e0 B\u1ed9 tr\u01b0\u1edfng Qu\u1ed1c ph\u00f2ng c\u1ee7a \u00f4ng, Yoav Gallant, \u0111\u00e3 k\u00eau g\u1ecdi bao v\u00e2y to\u00e0n b\u1ed9 Gaza sau ng\u00e0y 7\/10: \u201ckh\u00f4ng \u0111i\u1ec7n, kh\u00f4ng nhi\u00ean li\u1ec7u, kh\u00f4ng l\u01b0\u01a1ng th\u1ef1c, m\u1ecdi th\u1ee9 s\u1ebd b\u1ecb \u0111\u00f3ng c\u1eeda.\u201d Kh\u00f4ng ph\u1ea3i Netanyahu m\u00e0 l\u00e0 t\u1ed5ng th\u1ed1ng \u0111\u01b0\u1ee3c cho l\u00e0 trung dung, Isaac Herzog, \u0111\u00e3 ng\u1ee5 \u00fd r\u1eb1ng m\u1ecdi c\u01b0 d\u00e2n \u1edf Gaza \u0111\u1ec1u l\u00e0 m\u1ee5c ti\u00eau h\u1ee3p ph\u00e1p khi \u00f4ng ph\u00e1t bi\u1ec3u ngay t\u1eeb \u0111\u1ea7u cu\u1ed9c chi\u1ebfn r\u1eb1ng \u201cc\u1ea3 m\u1ed9t qu\u1ed1c gia ngo\u00e0i kia ph\u1ea3i ch\u1ecbu tr\u00e1ch nhi\u1ec7m<\/strong>. L\u1eadp lu\u1eadn r\u1eb1ng d\u00e2n th\u01b0\u1eddng kh\u00f4ng bi\u1ebft, kh\u00f4ng li\u00ean quan [trong cu\u1ed9c t\u1ea5n c\u00f4ng d\u1eef d\u1ed9i ng\u00e0y 7\/10] \u2013 l\u00e0 ho\u00e0n to\u00e0n kh\u00f4ng \u0111\u00fang s\u1ef1 th\u1eadt.\u201d (Sau \u0111\u00f3, \u00f4ng cho bi\u1ebft l\u1eddi n\u00f3i c\u1ee7a m\u00ecnh \u0111\u00e3 b\u1ecb \u0111\u01b0a ra kh\u1ecfi ng\u1eef c\u1ea3nh). Ng\u00f4n ng\u1eef mang t\u00ednh k\u00edch \u0111\u1ed9ng v\u00e0 di\u1ec7t ch\u1ee7ng c\u1ee7a nhi\u1ec1u ch\u00ednh tr\u1ecb gia v\u00e0 nh\u00e2n v\u1eadt ng\u01b0\u1eddi Israel \u0111\u00e3 \u0111\u01b0\u1ee3c ghi l\u1ea1i r\u00f5 r\u00e0ng trong v\u1ee5 ki\u1ec7n c\u1ee7a Nam Phi t\u1ea1i T\u00f2a \u00e1n C\u00f4ng l\u00fd Qu\u1ed1c t\u1ebf v\u00e0o cu\u1ed1i n\u0103m ngo\u00e1i.<\/p>\n\n\n\n<p class=\"wp-block-paragraph\"><strong>Vi\u1ec7c t\u1eadp trung v\u00e0o Netanyahu c\u0169ng b\u1ecf qua xu h\u01b0\u1edbng thi\u00ean v\u1ec1 c\u00e1nh h\u1eefu c\u1ee7a ch\u00ednh th\u1ec3 Israel, m\u1ed9t ch\u00ednh th\u1ec3 \u0111\u00e3 b\u00ecnh th\u01b0\u1eddng h\u00f3a ch\u1ee7 ngh\u0129a ph\u00e2n bi\u1ec7t ch\u1ee7ng t\u1ed9c v\u00e0 ch\u1ee7 ngh\u0129a d\u00e2n t\u1ed9c, v\u00e0 \u0111i\u1ec1u n\u00e0y \u0111\u01b0\u1ee3c th\u1ec3 hi\u1ec7n r\u00f5 r\u00e0ng trong c\u00e1c b\u1ea3n tin v\u1ec1 cu\u1ed9c chi\u1ebfn tr\u00ean c\u00e1c ph\u01b0\u01a1ng ti\u1ec7n truy\u1ec1n th\u00f4ng ch\u00ednh th\u1ed1ng. <\/strong>Tin t\u1ee9c c\u1ee7a c\u00e1c \u0111\u00e0i Israel hi\u1ebfm khi n\u00f3i v\u1ec1 nh\u1eefng \u0111au kh\u1ed5 \u1edf Gaza, h\u1ea7u nh\u01b0 kh\u00f4ng bao gi\u1edd \u0111\u01b0a tin v\u1ec1 ng\u01b0\u1eddi Palestine, v\u00e0 c\u00e1c nh\u00e0 b\u00e1o qu\u00e2n s\u1ef1 hi\u1ebfm khi th\u00e1ch th\u1ee9c ho\u1eb7c xem x\u00e9t k\u1ef9 l\u01b0\u1ee1ng phi\u00ean b\u1ea3n s\u1ef1 ki\u1ec7n c\u1ee7a IDF.<\/p>\n\n\n\n<p class=\"wp-block-paragraph\"><strong>Vi\u1ec7c t\u1eadp trung v\u00e0o Netanyahu c\u0169ng b\u1ecf qua th\u1ef1c t\u1ebf l\u00e0, khi chi\u1ebfn tranh \u0111\u00e3 k\u00e9o d\u00e0i g\u1ea7n s\u00e1u th\u00e1ng, ng\u01b0\u1eddi Israel v\u1eabn s\u1eb5n s\u00e0ng tham gia l\u1ef1c l\u01b0\u1ee3ng d\u1ef1 b\u1ecb ngay c\u1ea3 khi kh\u00f4ng tin t\u01b0\u1edfng v\u00e0o s\u1ef1 l\u00e3nh \u0111\u1ea1o v\u00e0 \u0111\u1ed9ng c\u01a1 c\u1ee7a Netanyahu, v\u00e0 ngay c\u1ea3 khi h\u1ecd \u0111\u00e3 \u0111e d\u1ecda t\u1eeb ch\u1ed1i th\u1ef1c hi\u1ec7n ngh\u0129a v\u1ee5 qu\u00e2n s\u1ef1 tr\u01b0\u1edbc k\u1ebf ho\u1ea1ch c\u1ea3i t\u1ed5 t\u01b0 ph\u00e1p c\u1ee7a ch\u00ednh ph\u1ee7.<\/strong><\/p>\n\n\n\n<p class=\"wp-block-paragraph\"><strong>B\u1ea5t ch\u1ea5p s\u1ed1 l\u01b0\u1ee3ng l\u1edbn binh s\u0129 thi\u1ec7t m\u1ea1ng k\u1ec3 t\u1eeb ng\u00e0y 7\/10<\/strong> (600 ng\u01b0\u1eddi) v\u00e0 b\u1ecb th\u01b0\u01a1ng (h\u01a1n 3.000 ng\u01b0\u1eddi, ch\u01b0a k\u1ec3 s\u1ed1 ng\u01b0\u1eddi b\u1ecb c\u0103ng th\u1eb3ng sau ch\u1ea5n th\u01b0\u01a1ng c\u00f2n cao h\u01a1n nhi\u1ec1u), <strong>m\u1eb9 c\u1ee7a c\u00e1c binh s\u0129 kh\u00f4ng ph\u1ea3n \u0111\u1ed1i chi\u1ebfn tranh<\/strong>, m\u1ed9t y\u1ebfu t\u1ed1 t\u1eebng \u0111\u00f3ng vai tr\u00f2 quan tr\u1ecdng trong vi\u1ec7c ph\u1ea3n \u0111\u1ed1i Israel chi\u1ebfm \u0111\u00f3ng Lebanon v\u00e0 cu\u1ed1i c\u00f9ng bu\u1ed9c h\u1ecd ph\u1ea3i r\u00fat qu\u00e2n.<\/p>\n\n\n\n<p class=\"wp-block-paragraph\"><strong>Th\u00eam v\u00e0o \u0111\u00f3, s\u1ef1 thay \u0111\u1ed5i l\u00e3nh \u0111\u1ea1o kh\u00f4ng nh\u1ea5t thi\u1ebft \u0111\u1ed3ng ngh\u0129a v\u1edbi nh\u1eefng thay \u0111\u1ed5i ch\u00ednh s\u00e1ch c\u00f3 \u00fd ngh\u0129a. N\u1ebfu Benny Gantz, c\u1ef1u b\u1ed9 tr\u01b0\u1edfng qu\u1ed1c ph\u00f2ng Israel v\u00e0 t\u1ed5ng tham m\u01b0u tr\u01b0\u1edfng IDF, ng\u01b0\u1eddi \u0111ang ch\u1ed1ng l\u1ea1i Netanyahu, tr\u1edf th\u00e0nh th\u1ee7 t\u01b0\u1edbng, th\u00ec r\u1ea5t kh\u00f3 c\u00f3 kh\u1ea3 n\u0103ng c\u00e1c ch\u00ednh s\u00e1ch li\u00ean quan \u0111\u1ebfn ng\u01b0\u1eddi Palestine c\u1ee7a \u00f4ng s\u1ebd kh\u00e1c bi\u1ec7t \u0111\u00e1ng k\u1ec3 so v\u1edbi ng\u01b0\u1eddi ti\u1ec1n nhi\u1ec7m.<\/strong><\/p>\n\n\n\n<p class=\"wp-block-paragraph\">N\u0103m 2019, Gantz \u0111\u00e3 ph\u00e1t h\u00e0nh m\u1ed9t video tranh c\u1eed khoe khoang v\u1ec1 vi\u1ec7c \u0111\u01b0a c\u00e1c ph\u1ea7n c\u1ee7a Gaza tr\u1edf l\u1ea1i th\u1eddi k\u1ef3 \u0111\u1ed3 \u0111\u00e1 trong nhi\u1ec7m k\u1ef3 t\u1ed5ng tham m\u01b0u tr\u01b0\u1edfng IDF h\u1ed3i n\u0103m 2014. V\u00e0 ng\u00e0y nay, gi\u1ed1ng nh\u01b0 Netanyahu, \u00f4ng nh\u1ea5t quy\u1ebft ti\u1ebfn h\u00e0nh cu\u1ed9c x\u00e2m l\u01b0\u1ee3c th\u00e0nh ph\u1ed1 Rafah \u1edf ph\u00eda nam Gaza, n\u01a1i hi\u1ec7n \u0111ang t\u1eadp trung t\u1edbi 1,5 tri\u1ec7u ng\u01b0\u1eddi Palestine \u0111\u1ecba ph\u01b0\u01a1ng v\u00e0 ng\u01b0\u1eddi t\u1ecb n\u1ea1n, nh\u01b0 m\u1ed9t \u0111\u00f2n gi\u00e1ng cu\u1ed1i c\u00f9ng v\u00e0 ch\u00ed m\u1ea1ng \u0111\u1ed1i v\u1edbi Hamas.<\/p>\n\n\n\n<p class=\"wp-block-paragraph\"><strong>\u00d4ng c\u0169ng b\u00e1c b\u1ecf vi\u1ec7c \u0111\u01a1n ph\u01b0\u01a1ng c\u00f4ng nh\u1eadn nh\u00e0 n\u01b0\u1edbc Palestine; thay v\u00e0o \u0111\u00f3, trong tr\u01b0\u1eddng h\u1ee3p t\u1ed1t nh\u1ea5t, \u00f4ng s\u1ebd ch\u1ec9 th\u1eeba nh\u1eadn kh\u1ea3 n\u0103ng Palestine l\u00e0 m\u1ed9t \u201cth\u1ef1c th\u1ec3,\u201d ch\u1ee9 kh\u00f4ng ph\u1ea3i m\u1ed9t nh\u00e0 n\u01b0\u1edbc.<\/strong> Th\u1eadt v\u1eady, v\u1edbi t\u01b0 c\u00e1ch l\u00e0 b\u1ed9 tr\u01b0\u1edfng qu\u1ed1c ph\u00f2ng trong ch\u00ednh ph\u1ee7 Naftali Bennett, t\u1ed3n t\u1ea1i trong th\u1eddi gian ng\u1eafn v\u00e0o n\u0103m 2021, Gantz \u0111\u00e3 ti\u1ebfp \u0111\u00f3n T\u1ed5ng th\u1ed1ng Ch\u00ednh quy\u1ec1n Palestine (PA) Mahmoud Abbas t\u1ea1i nh\u00e0 ri\u00eang c\u1ee7a m\u00ecnh, cho th\u1ea5y \u00f4ng t\u00e1n th\u00e0nh suy ngh\u0129 \u0111\u00e3 c\u00f3 t\u1eeb l\u00e2u trong qu\u00e2n \u0111\u1ed9i Israel, r\u1eb1ng vi\u1ec7c duy tr\u00ec ho\u1ea1t \u0111\u1ed9ng c\u1ee7a PA l\u00e0 m\u1ed9t l\u1ee3i \u00edch an ninh qu\u1ed1c gia quan tr\u1ecdng \u0111\u1ec3 Israel duy tr\u00ec quy\u1ec1n ki\u1ec3m so\u00e1t.<\/p>\n\n\n<div class=\"wp-block-image\">\n<figure class=\"alignleft size-full is-resized\"><img loading=\"lazy\" decoding=\"async\" width=\"673\" height=\"417\" src=\"https:\/\/vanhoimoi.org\/wp-content\/uploads\/2024\/03\/Do-Thai-Gaza-phan-phoi-thuc-pham-cho-dan-Palestine.jpg\" alt=\"\" class=\"wp-image-20647\" style=\"width:376px;height:auto\" srcset=\"https:\/\/vanhoimoi.org\/wp-content\/uploads\/2024\/03\/Do-Thai-Gaza-phan-phoi-thuc-pham-cho-dan-Palestine.jpg 673w, https:\/\/vanhoimoi.org\/wp-content\/uploads\/2024\/03\/Do-Thai-Gaza-phan-phoi-thuc-pham-cho-dan-Palestine-300x186.jpg 300w, https:\/\/vanhoimoi.org\/wp-content\/uploads\/2024\/03\/Do-Thai-Gaza-phan-phoi-thuc-pham-cho-dan-Palestine-465x288.jpg 465w\" sizes=\"auto, (max-width: 673px) 100vw, 673px\" \/><figcaption class=\"wp-element-caption\">Ng\u01b0\u1eddi d\u00e2n Palestines \u0111ang ch\u1edd nh\u1eadn th\u1ee9c \u0103n<\/figcaption><\/figure>\n<\/div>\n\n\n<p class=\"wp-block-paragraph\"><strong>H\u1ecdc thuy\u1ebft \u0111\u01b0\u1ee3c ch\u00ednh quy\u1ec1n Biden v\u1ea1ch ra nh\u1eb1m t\u00e1i c\u01a1 c\u1ea5u PA v\u00e0 \u0111\u01b0a h\u1ecd l\u00ean n\u1eafm quy\u1ec1n \u1edf Gaza, c\u00f9ng v\u1edbi vi\u1ec7c t\u1ea1o ra m\u1ed9t l\u1ed9 tr\u00ecnh ch\u00ednh tr\u1ecb \u0111\u00f2i h\u1ecfi s\u1ef1 nh\u01b0\u1ee3ng b\u1ed9 c\u1ee7a Israel \u0111\u1ed1i v\u1edbi m\u1ed9t nh\u00e0 n\u01b0\u1edbc Palestine nh\u01b0 m\u1ed9t ph\u1ea7n trong th\u1ecfa thu\u1eadn b\u00ecnh th\u01b0\u1eddng h\u00f3a quan h\u1ec7 gi\u1eefa \u1ea2 R\u1eadp Saudi v\u00e0 Israel, l\u00e0 gi\u1ea3i ph\u00e1p thay th\u1ebf duy nh\u1ea5t cho s\u1ef1 h\u1ee7y di\u1ec7t k\u00e9o d\u00e0i c\u1ee7a Israel v\u00e0 vi\u1ec7c chi\u1ebfm \u0111\u00f3ng Gaza hi\u1ec7n \u0111ang \u0111\u01b0\u1ee3c \u0111\u1eb7t l\u00ean b\u00e0n \u0111\u00e0m ph\u00e1n.<\/strong><\/p>\n\n\n\n<p class=\"wp-block-paragraph\">M\u1ed9t s\u1ed1 c\u1ef1u quan ch\u1ee9c an ninh v\u00e0 ch\u00ednh ph\u1ee7 Israel c\u0169ng \u0111\u00e3 l\u1ef1a ch\u1ecdn c\u00e1ch ti\u1ebfp c\u1eadn n\u00e0y, v\u00ec h\u1ecd hi\u1ec3u r\u1eb1ng \u0111\u00e2y l\u00e0 l\u1ef1a ch\u1ecdn t\u1ed1t nh\u1ea5t \u0111\u1ec3 Israel ng\u0103n ch\u1eb7n s\u1ef1 xa l\u00e1nh h\u01a1n n\u1eefa t\u1eeb c\u00f4ng ch\u00fang M\u1ef9, v\u00e0 duy tr\u00ec ph\u1ea7n n\u00e0o t\u00ednh ch\u00ednh danh qu\u1ed1c t\u1ebf c\u1ee7a h\u1ecd.<\/p>\n\n\n\n<p class=\"wp-block-paragraph\"><strong>M\u1ed9t cu\u1ed9c kh\u1ea3o s\u00e1t \u0111\u01b0\u1ee3c th\u1ef1c hi\u1ec7n v\u1edbi ng\u01b0\u1eddi Do Th\u00e1i v\u00e0 Palestine \u1edf Israel v\u00e0o th\u00e1ng 2 cho th\u1ea5y m\u1ed9t n\u1eeda trong s\u1ed1 h\u1ecd s\u1ebd \u1ee7ng h\u1ed9 m\u1ed9t l\u1ed9 tr\u00ecnh ch\u00ednh tr\u1ecb theo h\u01b0\u1edbng n\u00e0y. V\u00e0 theo \u0111\u00f3, m\u1ed9t s\u1ed1 ng\u01b0\u1eddi Israel ch\u00ed \u00edt c\u0169ng \u0111ang t\u00ecm ki\u1ebfm m\u1ed9t l\u1ed1i tho\u00e1t th\u1ef1c d\u1ee5ng.<\/strong><\/p>\n\n\n\n<p class=\"wp-block-paragraph\">Nh\u01b0ng \u00fd t\u01b0\u1edfng n\u00e0y c\u00f3 th\u1ef1c t\u1ebf hay kh\u00f4ng c\u0169ng l\u00e0 \u0111i\u1ec1u \u0111\u00e1ng nghi ng\u1edd: Kh\u00f4ng r\u00f5 li\u1ec7u PA c\u00f3 th\u1ec3 \u0111\u01b0\u1ee3c c\u1ea3i t\u1ed5 hi\u1ec7u qu\u1ea3 \u0111\u1ec3 l\u1ea5y l\u1ea1i t\u00ednh ch\u00ednh danh c\u1ee7a h\u1ecd trong m\u1eaft ng\u01b0\u1eddi Palestine hay kh\u00f4ng; t\u01b0\u01a1ng t\u1ef1, r\u1ea5t kh\u00f3 c\u00f3 kh\u1ea3 n\u0103ng Hamas bi\u1ebfn m\u1ea5t ho\u00e0n to\u00e0n kh\u1ecfi Gaza. L\u1ed9 tr\u00ecnh \u0111\u1ec1 xu\u1ea5t c\u0169ng kh\u00f4ng v\u1ea1ch ra nh\u1eefng lo\u1ea1i nh\u01b0\u1ee3ng b\u1ed9 n\u00e0o m\u00e0 Israel s\u1ebd c\u1ea7n ph\u1ea3i th\u1ef1c hi\u1ec7n. Nh\u01b0ng \u00edt nh\u1ea5t n\u00f3 c\u00f3 th\u1ec3 d\u1eabn \u0111\u1ebfn xu\u1ed1ng thang ngay l\u1eadp t\u1ee9c d\u01b0\u1edbi h\u00ecnh th\u1ee9c ng\u1eebng b\u1eafn, v\u1ed1n l\u00e0 \u0111i\u1ec1u r\u1ea5t quan tr\u1ecdng.<\/p>\n\n\n\n<p class=\"wp-block-paragraph\"><strong>D\u00f9 b\u1eb1ng c\u00e1ch n\u00e0o, \u0111i\u1ec1u \u0111\u00e1ng ch\u00fa \u00fd l\u00e0 ch\u00ednh quy\u1ec1n M\u1ef9 \u0111ang \u0111\u1ec1 xu\u1ea5t l\u1ed9 tr\u00ecnh \u0111\u00f3, ch\u1ee9 kh\u00f4ng ph\u1ea3i m\u1ed9t nh\u00e0 l\u00e3nh \u0111\u1ea1o hay ch\u00ednh tr\u1ecb gia Israel. <\/strong>V\u00ec th\u1ebf, k\u1ebft qu\u1ea3 c\u1ee7a l\u1ed9 tr\u00ecnh s\u1ebd ph\u1ee5 thu\u1ed9c v\u00e0o c\u00e1ch c\u1ea3 ng\u01b0\u1eddi Israel v\u00e0 ng\u01b0\u1eddi Palestine ph\u1ea3n \u1ee9ng v\u1edbi l\u1ec7nh ng\u1eebng b\u1eafn theo th\u1eddi gian, c\u0169ng nh\u01b0 m\u1ee9c \u0111\u1ed9 s\u1eb5n s\u00e0ng c\u1ee7a M\u1ef9 v\u00e0 c\u00e1c b\u00ean c\u00f3 li\u00ean quan kh\u00e1c \u0111\u1ec3 bi\u1ebfn l\u1ed9 tr\u00ecnh n\u00e0y th\u00e0nh hi\u1ec7n th\u1ef1c. Hi\u1ec7n t\u1ea1i, ng\u01b0\u1eddi Israel ph\u1ea7n l\u1edbn kh\u00f4ng k\u00eau g\u1ecdi ng\u1eebng b\u1eafn.<\/p>\n\n\n\n<p class=\"wp-block-paragraph\">Ch\u1eebng n\u00e0o Netanyahu c\u00f2n n\u1eafm quy\u1ec1n th\u00ec chi\u1ebfn tranh g\u1ea7n nh\u01b0 ch\u1eafc ch\u1eafn s\u1ebd c\u00f2n ti\u1ebfp di\u1ec5n, k\u00e9o theo nguy c\u01a1 ch\u1ebft \u0111\u00f3i h\u00e0ng lo\u1ea1t \u1edf Gaza; c\u0103ng th\u1eb3ng leo thang h\u01a1n n\u1eefa trong khu v\u1ef1c; v\u00e0 m\u1ed9t c\u00f4ng ch\u00fang Israel s\u1ed1ng v\u1edbi nh\u1eefng \u0111\u01b0\u1eddng bi\u00ean gi\u1edbi ng\u00e0y c\u00e0ng b\u1ecb thu h\u1eb9p, kh\u00f4ng an to\u00e0n, m\u00e0 kh\u00f4ng bao gi\u1edd bi\u1ebft \u0111\u01b0\u1ee3c s\u1ed1 ph\u1eadn c\u1ee7a nh\u1eefng ng\u01b0\u1eddi th\u00e2n y\u00eau c\u1ee7a h\u1ecd \u0111ang b\u1ecb giam gi\u1eef \u1edf Gaza.<\/p>\n\n\n\n<p class=\"wp-block-paragraph\"><strong><mark style=\"background-color:rgba(0, 0, 0, 0)\" class=\"has-inline-color has-accent-color\">D\u1ed3n to\u00e0n l\u1ef1c v\u00e0o vi\u1ec7c l\u1eadt \u0111\u1ed5 Netanyahu, tuy l\u00e0 vi\u1ec7c l\u00e0m c\u00f3 th\u1ec3 hi\u1ec3u \u0111\u01b0\u1ee3c, nh\u01b0ng l\u1ea1i khi\u1ebfn ng\u01b0\u1eddi Israel kh\u00f4ng ph\u1ea3i ch\u1ecbu tr\u00e1ch nhi\u1ec7m v\u1ec1 s\u1ef1 \u0111\u1ed3ng l\u00f5a c\u1ee7a h\u1ecd trong vi\u1ec7c chi\u1ebfm \u0111\u00f3ng qu\u00e2n s\u1ef1 k\u00e9o d\u00e0i, vi\u1ec7c t\u00e0n ph\u00e1 Gaza, v\u00e0 vi\u1ec7c h\u1ecd kh\u00f4ng v\u1ea1ch ra m\u1ed9t con \u0111\u01b0\u1eddng ch\u00ednh tr\u1ecb th\u1ef1c s\u1ef1 \u0111\u1ec3 tho\u00e1t kh\u1ecfi cu\u1ed9c kh\u1ee7ng ho\u1ea3ng hi\u1ec7n t\u1ea1i. Theo ngh\u0129a \u0111\u00f3, Netanyahu ch\u1ec9 \u0111\u01a1n gi\u1ea3n l\u00e0 v\u1eadt t\u1ebf th\u1ea7n.<\/mark><\/strong><\/p>\n\n\n\n<p class=\"wp-block-paragraph\"><strong>Mairav Zonszein <\/strong><br><em>Nh\u00e0 ph\u00e2n t\u00edch c\u1ea5p cao v\u1ec1 Israel t\u1ea1i Nh\u00f3m Kh\u1ee7ng ho\u1ea3ng Qu\u1ed1c t\u1ebf (International Crisis Group). C\u00e1c b\u00e0i vi\u1ebft c\u1ee7a b\u00e0 \u0111\u00e3 xu\u1ea5t hi\u1ec7n tr\u00ean New York Times, Washington Post, v\u00e0 Columbia Journalism Review, c\u00f9ng nhi\u1ec1u t\u1edd b\u00e1o kh\u00e1c.<\/em><\/p>\n\n\n\n<p class=\"wp-block-paragraph\">Ngu\u1ed3n tr\u00edch: <strong>Nghi\u00ean C\u1ee9u Qu\u1ed1c T\u1ebf<\/strong><br>https:\/\/nghiencuuquocte.org\/2024\/04\/07\/van-de-cua-israel-khong-chi-la-netanyahu\/#more-55623<\/p>\n\n\n\n<p class=\"wp-block-paragraph\">\u1ea2nh minh h\u1ecda: <strong>V\u1eadn H\u1ed9i M\u1edbi<\/strong><\/p>\n\n\n\n<p class=\"wp-block-paragraph\"><\/p>\n\n\n\n<p class=\"wp-block-paragraph\"><\/p>\n","protected":false},"excerpt":{"rendered":"<p>Ngu\u1ed3n:&nbsp;Mairav Zonszein, \u201cThe Problem Isn\u2019t Just Netanyahu, It\u2019s Israeli Society,\u201d&nbsp;Foreign Policy,&nbsp;02\/04\/2024 Bi\u00ean d\u1ecbch:&nbsp;Nguy\u1ec5n Th\u1ecb Kim Ph\u1ee5ng D\u00f9 \u0111\u1ed5 l\u1ed7i cho th\u1ee7 t\u01b0\u1edbng, nh\u01b0ng ph\u1ea7n l\u1edbn c\u00e1c c\u00f4ng d\u00e2n Israel g\u1ed1c Do Th\u00e1i v\u1eabn \u1ee7ng h\u1ed9 c\u00e1c ch\u00ednh s\u00e1ch mang t\u00ednh ch\u1ea5t t\u00e0n ph\u00e1 c\u1ee7a \u00f4ng \u1edf Gaza v\u00e0 c\u00e1c khu<span class=\"more-link\"><a href=\"https:\/\/vanhoimoi.org\/?p=21019\">\u0111\u1ecdc ti\u1ebfp&#8230;<\/a><\/span><\/p>\n","protected":false},"author":2,"featured_media":19447,"comment_status":"closed","ping_status":"closed","sticky":false,"template":"","format":"standard","meta":{"_coblocks_attr":"","_coblocks_dimensions":"","_coblocks_responsive_height":"","_coblocks_accordion_ie_support":"","footnotes":""},"categories":[7,8,12,9,53],"tags":[165,118,212,297,226],"class_list":["entry","author-ntviet","post-21019","post","type-post","status-publish","format-standard","has-post-thumbnail","category-binhluan","category-chinhtri-xahoi","category-chuyenmuc","category-kinhte","category-kinhte-chinhtri","tag-binh-luan","tag-chinh-tri","tag-chuyen-de","tag-do-thai","tag-xa-hoi"],"_links":{"self":[{"href":"https:\/\/vanhoimoi.org\/index.php?rest_route=\/wp\/v2\/posts\/21019","targetHints":{"allow":["GET"]}}],"collection":[{"href":"https:\/\/vanhoimoi.org\/index.php?rest_route=\/wp\/v2\/posts"}],"about":[{"href":"https:\/\/vanhoimoi.org\/index.php?rest_route=\/wp\/v2\/types\/post"}],"author":[{"embeddable":true,"href":"https:\/\/vanhoimoi.org\/index.php?rest_route=\/wp\/v2\/users\/2"}],"replies":[{"embeddable":true,"href":"https:\/\/vanhoimoi.org\/index.php?rest_route=%2Fwp%2Fv2%2Fcomments&post=21019"}],"version-history":[{"count":0,"href":"https:\/\/vanhoimoi.org\/index.php?rest_route=\/wp\/v2\/posts\/21019\/revisions"}],"wp:featuredmedia":[{"embeddable":true,"href":"https:\/\/vanhoimoi.org\/index.php?rest_route=\/wp\/v2\/media\/19447"}],"wp:attachment":[{"href":"https:\/\/vanhoimoi.org\/index.php?rest_route=%2Fwp%2Fv2%2Fmedia&parent=21019"}],"wp:term":[{"taxonomy":"category","embeddable":true,"href":"https:\/\/vanhoimoi.org\/index.php?rest_route=%2Fwp%2Fv2%2Fcategories&post=21019"},{"taxonomy":"post_tag","embeddable":true,"href":"https:\/\/vanhoimoi.org\/index.php?rest_route=%2Fwp%2Fv2%2Ftags&post=21019"}],"curies":[{"name":"wp","href":"https:\/\/api.w.org\/{rel}","templated":true}]}}